{"id":67411,"date":"2020-03-30T07:42:12","date_gmt":"2020-03-30T12:42:12","guid":{"rendered":"http:\/\/elinformanteperu.com\/?p=67411"},"modified":"2020-03-30T07:42:12","modified_gmt":"2020-03-30T12:42:12","slug":"coronavirus-plaza-de-acho-recibira-desde-el-martes-a-personas-en-abandono","status":"publish","type":"post","link":"https:\/\/elinformanteperu.com\/index.php\/2020\/03\/30\/coronavirus-plaza-de-acho-recibira-desde-el-martes-a-personas-en-abandono\/","title":{"rendered":"Coronavirus: Plaza de Acho recibir\u00e1 desde el martes a personas en abandono"},"content":{"rendered":"<p><strong><span style=\"color: #000000;\">Este martes 31 de marzo abrir\u00e1 sus puertas la Casa de Todos, un espacio que funcionar\u00e1 en la Plaza de Acho, donde se espera albergar a 150 personas en situaci\u00f3n de abandono.<\/span><\/strong><\/p>\n<p><span style=\"color: #000000;\"><strong>Lima, 29 Marzo 2020, (ANDINA).-<\/strong> Este martes 31 de marzo abrir\u00e1 sus puertas la Casa de Todos, un espacio que funcionar\u00e1 en la Plaza de Acho, donde se espera albergar a 150 personas en situaci\u00f3n de abandono durante los d\u00edas de inmovilizaci\u00f3n social obligatoria por el coronavirus, inform\u00f3 el alcalde de Lima, Jorge Mu\u00f1oz.<\/span><\/p>\n<p><span style=\"color: #000000;\">\u201cHay que darles la mejor calidad para que podamos tener a gente que no est\u00e9 expuesta a una situaci\u00f3n de infecci\u00f3n y que tampoco sean focos de infecci\u00f3n hacia terceros. Es un trabajo de protecci\u00f3n que queremos lograr\u201d, explic\u00f3 Mu\u00f1oz en di\u00e1logo con Latina.<\/span><\/p>\n<p><span style=\"color: #000000;\">Indic\u00f3 asimismo que se instalar\u00e1 un hospital m\u00f3vil de Sisol en la entrada de este albergue para realizar el triaje de las personas que lleguen a este lugar.<\/span><\/p>\n<p><span style=\"color: #000000;\">\u201cLa idea es que funcione bien y el d\u00eda martes estaremos recibiendo a las primeras personas para darles el cuidado del caso\u201d, subray\u00f3.<\/span><\/p>\n<p><span style=\"color: #000000;\">Dijo que, durante su estad\u00eda en la Casa de Todos, los beneficiarios contar\u00e1n con servicios de alimentaci\u00f3n, salud y seguridad.<\/span><\/p>\n<p><span style=\"color: #000000;\">\u201cHemos convocado a un grupo de connotados chefs, quienes se encargar\u00e1n de preparar los men\u00fas. De esta manera, no solo les daremos cobijo, sino tambi\u00e9n una alimentaci\u00f3n adecuada\u201d, resalt\u00f3 el alcalde.<\/span><\/p>\n","protected":false},"excerpt":{"rendered":"<p>Este martes 31 de marzo abrir\u00e1 sus puertas la Casa de Todos, un espacio que funcionar\u00e1 en la Plaza de Acho, donde se espera albergar a 150 personas en situaci\u00f3n de abandono. Lima, 29 Marzo 2020, (ANDINA).- Este martes 31 de marzo abrir\u00e1 sus puertas la Casa de Todos, un espacio que funcionar\u00e1 en la [&hellip;]<\/p>\n","protected":false},"author":1,"featured_media":67412,"comment_status":"open","ping_status":"open","sticky":false,"template":"","format":"standard","meta":{"rop_custom_images_group":[],"rop_custom_messages_group":[],"rop_publish_now":"initial","rop_publish_now_accounts":[],"rop_publish_now_history":[],"rop_publish_now_status":"pending","footnotes":""},"categories":[10],"tags":[5236,5364,3476,1613,122,5405],"class_list":["post-67411","post","type-post","status-publish","format-standard","has-post-thumbnail","hentry","category-actualidad-municipal","tag-coronavirus","tag-covid-19","tag-jorge-munoz","tag-lima","tag-municipalidad-de-lima","tag-plaza-de-acho"],"_links":{"self":[{"href":"https:\/\/elinformanteperu.com\/index.php\/wp-json\/wp\/v2\/posts\/67411","targetHints":{"allow":["GET"]}}],"collection":[{"href":"https:\/\/elinformanteperu.com\/index.php\/wp-json\/wp\/v2\/posts"}],"about":[{"href":"https:\/\/elinformanteperu.com\/index.php\/wp-json\/wp\/v2\/types\/post"}],"author":[{"embeddable":true,"href":"https:\/\/elinformanteperu.com\/index.php\/wp-json\/wp\/v2\/users\/1"}],"replies":[{"embeddable":true,"href":"https:\/\/elinformanteperu.com\/index.php\/wp-json\/wp\/v2\/comments?post=67411"}],"version-history":[{"count":1,"href":"https:\/\/elinformanteperu.com\/index.php\/wp-json\/wp\/v2\/posts\/67411\/revisions"}],"predecessor-version":[{"id":67413,"href":"https:\/\/elinformanteperu.com\/index.php\/wp-json\/wp\/v2\/posts\/67411\/revisions\/67413"}],"wp:featuredmedia":[{"embeddable":true,"href":"https:\/\/elinformanteperu.com\/index.php\/wp-json\/wp\/v2\/media\/67412"}],"wp:attachment":[{"href":"https:\/\/elinformanteperu.com\/index.php\/wp-json\/wp\/v2\/media?parent=67411"}],"wp:term":[{"taxonomy":"category","embeddable":true,"href":"https:\/\/elinformanteperu.com\/index.php\/wp-json\/wp\/v2\/categories?post=67411"},{"taxonomy":"post_tag","embeddable":true,"href":"https:\/\/elinformanteperu.com\/index.php\/wp-json\/wp\/v2\/tags?post=67411"}],"curies":[{"name":"wp","href":"https:\/\/api.w.org\/{rel}","templated":true}]}}