{"id":67405,"date":"2020-03-30T07:34:59","date_gmt":"2020-03-30T12:34:59","guid":{"rendered":"http:\/\/elinformanteperu.com\/?p=67405"},"modified":"2020-03-30T07:34:59","modified_gmt":"2020-03-30T12:34:59","slug":"como-tratar-a-un-hipocondriaco-en-tiempos-de-emergencia-sanitaria","status":"publish","type":"post","link":"https:\/\/elinformanteperu.com\/index.php\/2020\/03\/30\/como-tratar-a-un-hipocondriaco-en-tiempos-de-emergencia-sanitaria\/","title":{"rendered":"\u00bfC\u00f3mo tratar a un hipocondriaco en tiempos de emergencia sanitaria?"},"content":{"rendered":"<p><strong><span style=\"color: #000000;\">En \u00e9pocas de crisis sanitaria como la que el mundo est\u00e1 viviendo, y que obliga al aislamiento social, las personas hipocondriacas est\u00e1n entre las que m\u00e1s sufren.<\/span><\/strong><\/p>\n<p><span style=\"color: #000000;\"><strong>Lima, 29 Marzo 2020, (ANDINA).-<\/strong> En \u00e9pocas de crisis sanitaria como la que el mundo est\u00e1 viviendo, y que obliga al aislamiento social, las personas hipocondriacas est\u00e1n entre las que m\u00e1s sufren porque si no est\u00e1n bien controladas, temen al extremo ser contagiadas.<\/span><\/p>\n<p><span style=\"color: #000000;\">As\u00ed lo sostuvo el m\u00e9dico psiquiatra, Carlos Bromley, quien dijo que el entorno familiar de una persona que sufre ese transtorno mental, debe afinar su cuidado.<\/span><\/p>\n<p><span style=\"color: #000000;\">Indic\u00f3 que hay que estar atentos a una posible intensificaci\u00f3n de los s\u00edntomas, sobre todo en estos tiempos en que las medidas que comprenden el estado de emergencia generan estr\u00e9s y es complicado manejarlas.<\/span><\/p>\n<p><span style=\"color: #000000;\">\u00abM\u00e1s a\u00fan teniendo en cuenta que las personas con ese trastorno no tienen las mismas competencias para aceptar las restricciones propias del aislamiento social\u00bb, coment\u00f3. <\/span><\/p>\n<p><span style=\"color: #000000;\">\u00abLo mejor es no contradecirle y menos a\u00fan, de mala manera, dici\u00e9ndole que otra vez vuelve con lo mismo, porque eso empeora su ansiedad y lo hace pensar que nadie lo quiere, que nadie le comprende\u00bb, explic\u00f3 el especialista a la Agencia Andina.<\/span><\/p>\n<p><span style=\"color: #000000;\">Advirti\u00f3 que nunca se debe descuidar su medicaci\u00f3n y su psicoterapia y que si se considera necesario hay que llamar al m\u00e9dico tratante.<\/span><\/p>\n<p><span style=\"color: #000000;\">\u00abPero en caso haya una situaci\u00f3n extrema, si el afectado pretendiera quitarse la vida) se le debe llevar en calidad de emergencia, a un centro de salud mental comunitario\u00bb, aconsej\u00f3.<\/span><\/p>\n<p><span style=\"color: #000000;\">Bromley explic\u00f3 que una persona hipocondriaca, ante una leve tos, piensa que tiene TB y exige que le hagan una radiograf\u00eda y si los resultados son negativos, discutir\u00e1 con el m\u00e9dico y pretender\u00e1 que le practique una tomograf\u00eda.<\/span><\/p>\n<p><span style=\"color: #000000;\">\u00abEs as\u00ed, es un cuento de nunca acabar\u00bb, anot\u00f3 finalmente el especialista.<\/span><\/p>\n","protected":false},"excerpt":{"rendered":"<p>En \u00e9pocas de crisis sanitaria como la que el mundo est\u00e1 viviendo, y que obliga al aislamiento social, las personas hipocondriacas est\u00e1n entre las que m\u00e1s sufren. Lima, 29 Marzo 2020, (ANDINA).- En \u00e9pocas de crisis sanitaria como la que el mundo est\u00e1 viviendo, y que obliga al aislamiento social, las personas hipocondriacas est\u00e1n entre [&hellip;]<\/p>\n","protected":false},"author":1,"featured_media":67406,"comment_status":"open","ping_status":"open","sticky":false,"template":"","format":"standard","meta":{"rop_custom_images_group":[],"rop_custom_messages_group":[],"rop_publish_now":"initial","rop_publish_now_accounts":[],"rop_publish_now_history":[],"rop_publish_now_status":"pending","footnotes":""},"categories":[10],"tags":[388,5374],"class_list":["post-67405","post","type-post","status-publish","format-standard","has-post-thumbnail","hentry","category-actualidad-municipal","tag-ministerio-de-salud","tag-peru-estado-de-emergencia"],"_links":{"self":[{"href":"https:\/\/elinformanteperu.com\/index.php\/wp-json\/wp\/v2\/posts\/67405","targetHints":{"allow":["GET"]}}],"collection":[{"href":"https:\/\/elinformanteperu.com\/index.php\/wp-json\/wp\/v2\/posts"}],"about":[{"href":"https:\/\/elinformanteperu.com\/index.php\/wp-json\/wp\/v2\/types\/post"}],"author":[{"embeddable":true,"href":"https:\/\/elinformanteperu.com\/index.php\/wp-json\/wp\/v2\/users\/1"}],"replies":[{"embeddable":true,"href":"https:\/\/elinformanteperu.com\/index.php\/wp-json\/wp\/v2\/comments?post=67405"}],"version-history":[{"count":1,"href":"https:\/\/elinformanteperu.com\/index.php\/wp-json\/wp\/v2\/posts\/67405\/revisions"}],"predecessor-version":[{"id":67407,"href":"https:\/\/elinformanteperu.com\/index.php\/wp-json\/wp\/v2\/posts\/67405\/revisions\/67407"}],"wp:featuredmedia":[{"embeddable":true,"href":"https:\/\/elinformanteperu.com\/index.php\/wp-json\/wp\/v2\/media\/67406"}],"wp:attachment":[{"href":"https:\/\/elinformanteperu.com\/index.php\/wp-json\/wp\/v2\/media?parent=67405"}],"wp:term":[{"taxonomy":"category","embeddable":true,"href":"https:\/\/elinformanteperu.com\/index.php\/wp-json\/wp\/v2\/categories?post=67405"},{"taxonomy":"post_tag","embeddable":true,"href":"https:\/\/elinformanteperu.com\/index.php\/wp-json\/wp\/v2\/tags?post=67405"}],"curies":[{"name":"wp","href":"https:\/\/api.w.org\/{rel}","templated":true}]}}