{"id":67400,"date":"2020-03-29T15:44:39","date_gmt":"2020-03-29T20:44:39","guid":{"rendered":"http:\/\/elinformanteperu.com\/?p=67400"},"modified":"2020-03-29T15:44:39","modified_gmt":"2020-03-29T20:44:39","slug":"gobierno-hace-evaluacion-integral-de-la-emergencia-y-manana-dara-a-conocer-nuevas-medidas","status":"publish","type":"post","link":"https:\/\/elinformanteperu.com\/index.php\/2020\/03\/29\/gobierno-hace-evaluacion-integral-de-la-emergencia-y-manana-dara-a-conocer-nuevas-medidas\/","title":{"rendered":"Gobierno hace evaluaci\u00f3n integral de la emergencia y ma\u00f1ana dar\u00e1 a conocer nuevas medidas"},"content":{"rendered":"<p><strong><span style=\"color: #000000;\">El Gobierno realiza una evaluaci\u00f3n integral de las medidas adoptadas para combatir el coronavirus desde el 15 de marzo a la fecha.<\/span><\/strong><\/p>\n<p><span style=\"color: #000000;\"><strong>Lima, 29 Marzo 2020, (ANDINA).-<\/strong> El Gobierno realiza una evaluaci\u00f3n integral de las medidas adoptadas para combatir el coronavirus desde el 15 de marzo a la fecha y dar\u00e1 a conocer ma\u00f1ana las nuevas disposiciones para la segunda etapa de la emergencia sanitaria frente al coronavirus.<\/span><\/p>\n<p><span style=\"color: #000000;\">Debido a ello, el presidente Mart\u00edn Vizcarra no realizar\u00e1 la conferencia de prensa diaria para informar al pa\u00eds las acciones tomadas para enfrentar la pandemia.<\/span><\/p>\n<p><span style=\"color: #000000;\">La Secretar\u00eda de Prensa de la Presidencia de la Rep\u00fablica inform\u00f3 que este lunes, en horas de la ma\u00f1ana, se llevar\u00e1 a cabo un Consejo de Ministros, luego del cual se realizar\u00e1 la conferencia de prensa virtual, alrededor del mediod\u00eda.<\/span><\/p>\n<p><span style=\"color: #000000;\">\u00abEn dicha conferencia, se dar\u00e1n a conocer las nuevas medidas para la siguiente etapa de la emergencia, que abarca del 31 de marzo hasta el 12 de abril\u00bb, precisan.<\/span><\/p>\n<p><span style=\"color: #000000;\">Informan tambi\u00e9n que los ministros de Salud, V\u00edctor Zamora, y de Producci\u00f3n, Roc\u00edo Barrios, se encuentran en Loreto supervisando la implementaci\u00f3n de medidas tomadas por el coronavirus.<\/span><\/p>\n<p><span style=\"color: #000000;\">Hoy, el Ministerio de Salud inform\u00f3 que los casos confirmados de Covid-19 en el pa\u00eds suman 852 y que otras dos personas fallecieron, sumando 18 a la fecha el total de v\u00edctimas.<\/span><\/p>\n","protected":false},"excerpt":{"rendered":"<p>El Gobierno realiza una evaluaci\u00f3n integral de las medidas adoptadas para combatir el coronavirus desde el 15 de marzo a la fecha. Lima, 29 Marzo 2020, (ANDINA).- El Gobierno realiza una evaluaci\u00f3n integral de las medidas adoptadas para combatir el coronavirus desde el 15 de marzo a la fecha y dar\u00e1 a conocer ma\u00f1ana las [&hellip;]<\/p>\n","protected":false},"author":1,"featured_media":67401,"comment_status":"open","ping_status":"open","sticky":false,"template":"","format":"standard","meta":{"rop_custom_images_group":[],"rop_custom_messages_group":[],"rop_publish_now":"initial","rop_publish_now_accounts":[],"rop_publish_now_history":[],"rop_publish_now_status":"pending","footnotes":""},"categories":[5],"tags":[5236,5364,289],"class_list":["post-67400","post","type-post","status-publish","format-standard","has-post-thumbnail","hentry","category-actualidad-informativa","tag-coronavirus","tag-covid-19","tag-martin-vizcarra"],"_links":{"self":[{"href":"https:\/\/elinformanteperu.com\/index.php\/wp-json\/wp\/v2\/posts\/67400","targetHints":{"allow":["GET"]}}],"collection":[{"href":"https:\/\/elinformanteperu.com\/index.php\/wp-json\/wp\/v2\/posts"}],"about":[{"href":"https:\/\/elinformanteperu.com\/index.php\/wp-json\/wp\/v2\/types\/post"}],"author":[{"embeddable":true,"href":"https:\/\/elinformanteperu.com\/index.php\/wp-json\/wp\/v2\/users\/1"}],"replies":[{"embeddable":true,"href":"https:\/\/elinformanteperu.com\/index.php\/wp-json\/wp\/v2\/comments?post=67400"}],"version-history":[{"count":1,"href":"https:\/\/elinformanteperu.com\/index.php\/wp-json\/wp\/v2\/posts\/67400\/revisions"}],"predecessor-version":[{"id":67402,"href":"https:\/\/elinformanteperu.com\/index.php\/wp-json\/wp\/v2\/posts\/67400\/revisions\/67402"}],"wp:featuredmedia":[{"embeddable":true,"href":"https:\/\/elinformanteperu.com\/index.php\/wp-json\/wp\/v2\/media\/67401"}],"wp:attachment":[{"href":"https:\/\/elinformanteperu.com\/index.php\/wp-json\/wp\/v2\/media?parent=67400"}],"wp:term":[{"taxonomy":"category","embeddable":true,"href":"https:\/\/elinformanteperu.com\/index.php\/wp-json\/wp\/v2\/categories?post=67400"},{"taxonomy":"post_tag","embeddable":true,"href":"https:\/\/elinformanteperu.com\/index.php\/wp-json\/wp\/v2\/tags?post=67400"}],"curies":[{"name":"wp","href":"https:\/\/api.w.org\/{rel}","templated":true}]}}