{"id":67394,"date":"2020-03-29T15:38:26","date_gmt":"2020-03-29T20:38:26","guid":{"rendered":"http:\/\/elinformanteperu.com\/?p=67394"},"modified":"2020-03-29T15:38:26","modified_gmt":"2020-03-29T20:38:26","slug":"proyecto-sobre-el-retiro-del-25-de-afp-senala-que-se-podra-acceder-a-fondos-en-10-dias","status":"publish","type":"post","link":"https:\/\/elinformanteperu.com\/index.php\/2020\/03\/29\/proyecto-sobre-el-retiro-del-25-de-afp-senala-que-se-podra-acceder-a-fondos-en-10-dias\/","title":{"rendered":"Proyecto sobre el retiro del 25% de AFP se\u00f1ala que se podr\u00e1 acceder a fondos en 10 d\u00edas"},"content":{"rendered":"<p><strong><span style=\"color: #000000;\">El proyecto de ley de la bancada Podemos Per\u00fa que propone el retiro del 25% de los aportes a las AFP plantea que los beneficiarios puedan acceder en un plazo de 10 d\u00edas.<\/span><\/strong><\/p>\n<p><span style=\"color: #000000;\"><strong>Lima, 29 Marzo 2020, (ANDINA).-<\/strong> El proyecto de ley de la bancada Podemos Per\u00fa que propone el retiro del 25% de los aportes al Fondo de Administraci\u00f3n de Pensiones (AFP) plantea que los beneficiarios puedan acceder a estos recursos en un plazo de 10 d\u00edas despu\u00e9s de presentada su solicitud.<\/span><\/p>\n<p><span style=\"color: #000000;\">Los afiliados al sistema privado de pensiones deber\u00e1n indicar para tal efecto el n\u00famero de cuenta bancaria para el dep\u00f3sito correspondiente de su AFP, por \u00fanica vez, debido a la emergencia sanitaria por el coronavirus.<\/span><\/p>\n<p><span style=\"color: #000000;\">El proyecto se\u00f1ala tambi\u00e9n que se podr\u00e1 acceder a un monto equivalente a las dos \u00faltimas remuneraciones en un plazo de 24 horas, luego de presentar la solicitud. Corresponder\u00e1 a los empleadores comunicar a las instituciones financieras el monto intangible de cada trabajador.<\/span><\/p>\n<p><span style=\"color: #000000;\">En ambos casos, de acuerdo a la iniciativa legal, los beneficiarios podr\u00e1n acogerse a la medida en un plazo m\u00e1ximo de 30 d\u00edas de concluido el estado de emergencia nacional.<\/span><\/p>\n<p><span style=\"color: #000000;\">Daniel Urresti, vocero de la bancada Podemos Per\u00fa, indic\u00f3 que pedir\u00e1 que esta iniciativa multipartidaria sea votado en la Junta de Portavoces el martes 31 de marzo para que pueda ser debatido en el pleno.<\/span><\/p>\n<p><span style=\"color: #000000;\">\u00abCulminada la reuni\u00f3n daremos a conocer el resultado nominal de la votaci\u00f3n, que esperamos sea positivo en favor de la ciudadan\u00eda\u201d, dijo.<\/span><\/p>\n<p><span style=\"color: #000000;\">El proyecto de ley tiene por objeto salvaguardar la econom\u00eda familiar y dinamizar la econom\u00eda nacional, contrarrestando los efectos econ\u00f3micos negativos generados por el estado de emergencia nacional.<\/span><\/p>\n<p><span style=\"color: #000000;\">Para ello, plantean incorporar la vig\u00e9sima quinta disposici\u00f3n final y transitoria en el Texto \u00danico Ordenado de la Ley del Sistema Privado de Administraci\u00f3n de Fondos de Pensi\u00f3n las mencionadas disposiciones.<\/span><\/p>\n","protected":false},"excerpt":{"rendered":"<p>El proyecto de ley de la bancada Podemos Per\u00fa que propone el retiro del 25% de los aportes a las AFP plantea que los beneficiarios puedan acceder en un plazo de 10 d\u00edas. Lima, 29 Marzo 2020, (ANDINA).- El proyecto de ley de la bancada Podemos Per\u00fa que propone el retiro del 25% de los [&hellip;]<\/p>\n","protected":false},"author":1,"featured_media":67395,"comment_status":"open","ping_status":"open","sticky":false,"template":"","format":"standard","meta":{"rop_custom_images_group":[],"rop_custom_messages_group":[],"rop_publish_now":"initial","rop_publish_now_accounts":[],"rop_publish_now_history":[],"rop_publish_now_status":"pending","footnotes":""},"categories":[5],"tags":[1760,192,2953],"class_list":["post-67394","post","type-post","status-publish","format-standard","has-post-thumbnail","hentry","category-actualidad-informativa","tag-afp","tag-congreso","tag-podemos-peru"],"_links":{"self":[{"href":"https:\/\/elinformanteperu.com\/index.php\/wp-json\/wp\/v2\/posts\/67394","targetHints":{"allow":["GET"]}}],"collection":[{"href":"https:\/\/elinformanteperu.com\/index.php\/wp-json\/wp\/v2\/posts"}],"about":[{"href":"https:\/\/elinformanteperu.com\/index.php\/wp-json\/wp\/v2\/types\/post"}],"author":[{"embeddable":true,"href":"https:\/\/elinformanteperu.com\/index.php\/wp-json\/wp\/v2\/users\/1"}],"replies":[{"embeddable":true,"href":"https:\/\/elinformanteperu.com\/index.php\/wp-json\/wp\/v2\/comments?post=67394"}],"version-history":[{"count":1,"href":"https:\/\/elinformanteperu.com\/index.php\/wp-json\/wp\/v2\/posts\/67394\/revisions"}],"predecessor-version":[{"id":67396,"href":"https:\/\/elinformanteperu.com\/index.php\/wp-json\/wp\/v2\/posts\/67394\/revisions\/67396"}],"wp:featuredmedia":[{"embeddable":true,"href":"https:\/\/elinformanteperu.com\/index.php\/wp-json\/wp\/v2\/media\/67395"}],"wp:attachment":[{"href":"https:\/\/elinformanteperu.com\/index.php\/wp-json\/wp\/v2\/media?parent=67394"}],"wp:term":[{"taxonomy":"category","embeddable":true,"href":"https:\/\/elinformanteperu.com\/index.php\/wp-json\/wp\/v2\/categories?post=67394"},{"taxonomy":"post_tag","embeddable":true,"href":"https:\/\/elinformanteperu.com\/index.php\/wp-json\/wp\/v2\/tags?post=67394"}],"curies":[{"name":"wp","href":"https:\/\/api.w.org\/{rel}","templated":true}]}}