{"id":67391,"date":"2020-03-29T15:33:20","date_gmt":"2020-03-29T20:33:20","guid":{"rendered":"http:\/\/elinformanteperu.com\/?p=67391"},"modified":"2020-03-29T15:33:20","modified_gmt":"2020-03-29T20:33:20","slug":"coronavirus-continuara-repatriacion-de-peruanos-en-el-extranjero","status":"publish","type":"post","link":"https:\/\/elinformanteperu.com\/index.php\/2020\/03\/29\/coronavirus-continuara-repatriacion-de-peruanos-en-el-extranjero\/","title":{"rendered":"Coronavirus: continuar\u00e1 repatriaci\u00f3n de peruanos en el extranjero"},"content":{"rendered":"<p><strong><span style=\"color: #000000;\">El ministro de Transportes, Carlos Lozada, indic\u00f3 que se continuar\u00e1 con la repatriaci\u00f3n de casos excepcionales de peruanos que se encuentran varados en el extranjero.<\/span><\/strong><\/p>\n<p><span style=\"color: #000000;\"><strong>Lima, 29 Marzo 2020, (ANDINA).-<\/strong> El ministro de Transportes, Carlos Lozada, indic\u00f3 que se continuar\u00e1 con la repatriaci\u00f3n de casos excepcionales de peruanos que se encuentran varados en el extranjero, en coordinaci\u00f3n coCarlos Lozadan la Canciller\u00eda peruana.<\/span><\/p>\n<p><span style=\"color: #000000;\">Sostuvo que, de acuerdo al ministerio de Relaciones Exteriores, hay entre 10 mil a 15 mil peruanos a la espera de ser repatriados. S\u00f3lo en Estados Unidos hay 3 mil peruanos que buscan regresar y no hay capacidad para todos.<\/span><\/p>\n<p><span style=\"color: #000000;\">\u201cEso va a pasar por filtros de Canciller\u00eda para priorizar los casos de excepci\u00f3n y de vulnerabilidad para hacer la priorizaci\u00f3n de las personas que van a ser repatriados\u201d, declaro en RPP.<\/span><\/p>\n<p><span style=\"color: #000000;\">Indic\u00f3 que desde el cierre de las fronteras a\u00e9reas, como parte de las medidas del estado de emergencia sanitaria ante el coronavirus, se activ\u00f3 el Grupo 8 para estas operaciones, que tiene una capacidad para mover a 1,500 personas por d\u00eda.<\/span><\/p>\n<p><span style=\"color: #000000;\">Sostuvo adem\u00e1s que se ha instalado un comit\u00e9 de crisis con el Ministerio de Salud y la Canciller\u00eda, a fin de poner en cuarentena obligatoria a los peruanos que retornan al pa\u00eds.<\/span><\/p>\n<p><span style=\"color: #000000;\">Precis\u00f3 que hoy se reunir\u00e1n con el Ministerio de Salud para determinar los lugares donde ser\u00e1n trasladados los repatriados a cumplir la cuarentena y para garantizar su resguardo durante este proceso de aislamiento.<\/span><\/p>\n","protected":false},"excerpt":{"rendered":"<p>El ministro de Transportes, Carlos Lozada, indic\u00f3 que se continuar\u00e1 con la repatriaci\u00f3n de casos excepcionales de peruanos que se encuentran varados en el extranjero. Lima, 29 Marzo 2020, (ANDINA).- El ministro de Transportes, Carlos Lozada, indic\u00f3 que se continuar\u00e1 con la repatriaci\u00f3n de casos excepcionales de peruanos que se encuentran varados en el extranjero, [&hellip;]<\/p>\n","protected":false},"author":1,"featured_media":67392,"comment_status":"open","ping_status":"open","sticky":false,"template":"","format":"standard","meta":{"rop_custom_images_group":[],"rop_custom_messages_group":[],"rop_publish_now":"initial","rop_publish_now_accounts":[],"rop_publish_now_history":[],"rop_publish_now_status":"pending","footnotes":""},"categories":[5],"tags":[5404,5236,5364,318,317],"class_list":["post-67391","post","type-post","status-publish","format-standard","has-post-thumbnail","hentry","category-actualidad-informativa","tag-carlos-lozada","tag-coronavirus","tag-covid-19","tag-ministerio-de-transportes-y-comunicaciones","tag-mtc"],"_links":{"self":[{"href":"https:\/\/elinformanteperu.com\/index.php\/wp-json\/wp\/v2\/posts\/67391","targetHints":{"allow":["GET"]}}],"collection":[{"href":"https:\/\/elinformanteperu.com\/index.php\/wp-json\/wp\/v2\/posts"}],"about":[{"href":"https:\/\/elinformanteperu.com\/index.php\/wp-json\/wp\/v2\/types\/post"}],"author":[{"embeddable":true,"href":"https:\/\/elinformanteperu.com\/index.php\/wp-json\/wp\/v2\/users\/1"}],"replies":[{"embeddable":true,"href":"https:\/\/elinformanteperu.com\/index.php\/wp-json\/wp\/v2\/comments?post=67391"}],"version-history":[{"count":1,"href":"https:\/\/elinformanteperu.com\/index.php\/wp-json\/wp\/v2\/posts\/67391\/revisions"}],"predecessor-version":[{"id":67393,"href":"https:\/\/elinformanteperu.com\/index.php\/wp-json\/wp\/v2\/posts\/67391\/revisions\/67393"}],"wp:featuredmedia":[{"embeddable":true,"href":"https:\/\/elinformanteperu.com\/index.php\/wp-json\/wp\/v2\/media\/67392"}],"wp:attachment":[{"href":"https:\/\/elinformanteperu.com\/index.php\/wp-json\/wp\/v2\/media?parent=67391"}],"wp:term":[{"taxonomy":"category","embeddable":true,"href":"https:\/\/elinformanteperu.com\/index.php\/wp-json\/wp\/v2\/categories?post=67391"},{"taxonomy":"post_tag","embeddable":true,"href":"https:\/\/elinformanteperu.com\/index.php\/wp-json\/wp\/v2\/tags?post=67391"}],"curies":[{"name":"wp","href":"https:\/\/api.w.org\/{rel}","templated":true}]}}