{"id":67388,"date":"2020-03-29T15:29:06","date_gmt":"2020-03-29T20:29:06","guid":{"rendered":"http:\/\/elinformanteperu.com\/?p=67388"},"modified":"2020-03-29T16:05:59","modified_gmt":"2020-03-29T21:05:59","slug":"coronavirus-reserva-debe-presentarse-desde-el-1-de-abril-ante-unidades-militares","status":"publish","type":"post","link":"https:\/\/elinformanteperu.com\/index.php\/2020\/03\/29\/coronavirus-reserva-debe-presentarse-desde-el-1-de-abril-ante-unidades-militares\/","title":{"rendered":"Coronavirus: reserva debe presentarse desde el 1 de abril ante unidades militares"},"content":{"rendered":"<p><strong><span style=\"color: #000000;\">A partir del primero de abril, el personal licenciado de las Fuerzas Armadas convocado para enfrentar la emergencia empezar\u00e1n a presentarse en las unidades militares m\u00e1s cercanas a su lugar de residencia.<\/span><\/strong><\/p>\n<p><span style=\"color: #000000;\"><strong>Lima, 29 Marzo 2020, (ANDINA).-<\/strong> A partir del primero de abril, el personal licenciado de las Fuerzas Armadas convocado para enfrentar la emergencia sanitaria del coronavirus empezar\u00e1n a presentarse en las unidades militares m\u00e1s cercanas a su lugar de residencia, inform\u00f3 el Comando del Ej\u00e9rcito Peruano.<\/span><\/p>\n<p><span style=\"color: #000000;\">El personal de la reserva convocado al servicio activo corresponde a quienes presentaron servicio militar voluntario los a\u00f1os 2018, 2019 y febrero 2020.<\/span><\/p>\n<p><span style=\"color: #000000;\">El mi\u00e9rcoles 1 de abril deber\u00e1n presentarse ante las Unidades, Grandes Unidades, Divisiones de Ej\u00e9rcito y Oficinas de Registro Militar m\u00e1s cercanas a su lugar de residencia los licenciados del servicio militar febrero 2020.<\/span><\/p>\n<p><span style=\"color: #000000;\">A los licenciados del servicio militar de junio 2019 les corresponde presentarse el 2 de abril, a los diciembre de 2019 el 3 de abril, mientras que a los de enero 2018 el 4 de abril.<\/span><\/p>\n<p><span style=\"color: #000000;\">Debido a las condiciones especiales del estado de emergencia, que incluye la inmovilidad social obligatoria, los licenciados considerados en el llamamiento deber\u00e1n presentarse \u00fanicamente a su jurisdicci\u00f3n o lugar de residencia.<\/span><\/p>\n<p><span style=\"color: #000000;\">As\u00ed, en el norte del pa\u00eds, podr\u00e1n hacerlo en Tumbes, en la 1ra Brigada de Infanter\u00eda y la 9\u00b0 Brigada Blindada; en Sullana, en la 1ra Brigada de Caballer\u00eda; en Piura, en la Brigada SERV; en Chiclayo, en la 7\u00b0 Brigada de Infanter\u00eda; en Trujillo, en la 32 Brigada de Infanter\u00eda y en Bagua, en la 6ta Brigada SVA.<\/span><\/p>\n<p><span style=\"color: #000000;\">En el sur, en Arequipa, en la 3ra Brigada SERV; en Cusco en la 5ta Brigada de Monta\u00f1a; en Puno, en la 4ta Brigada de Monta\u00f1a; en Moquegua, en la 6ta Brigada de Monta\u00f1a, y en Tacna, en la 3ra Brigada de Caballer\u00eda.<\/span><\/p>\n<p><span style=\"color: #000000;\">Los reservistas del centro, se presentar\u00e1n en el Lima, en el R\u00edmac, en la 1ra Brigada Mult; en Chorrillos, en el COEDEN; en Chorrillos, en la 1ra Brigada FFEE, y en Tarapoto, en la 3ra Brigada FFEE.<\/span><\/p>\n<p><span style=\"color: #000000;\">Los reservistas de Iquitos se presentan en la 5ta Brigada SERV; en Caballocochoa en la 35 Brigada Selva, mientras que en Ayacucho, en la 2da Brigada de Infanter\u00eda y en Huancayo, en la 31 Brigada de Infanter\u00eda.<\/span><\/p>\n<p><span style=\"color: #000000;\">El Comando del Ej\u00e9rcito Peruano precisa que este llamamiento est\u00e1 orientado a en listar al personal que se encuentre totalmente saludable, f\u00edsicamente apto y sin ocupaci\u00f3n laboral formal alguna, en el marco del estado de emergencial.<\/span><\/p>\n<p><span style=\"color: #000000;\">El personal que tenga limitaciones para trasladarse a una dependencia militar, debido a las medidas de restricci\u00f3n, podr\u00e1 presentarse en cualquier dependencia policial o autoridad local, a fin de registrarse y hacer constar su presentaci\u00f3n al llamado.<\/span><\/p>\n<p><span style=\"color: #000000;\">El Ej\u00e9rcito exhorta a todo el personal de licenciados a cumplir su juramento de atender al llamado de la Patria cuando sea requerido.<\/span><\/p>\n<p><iframe title=\"COVID-19 en el Per\u00fa: llamamiento de reservas del Ej\u00e9rcito inicia el 1 abril\" width=\"615\" height=\"346\" src=\"https:\/\/www.youtube.com\/embed\/IqrORstccU4?feature=oembed\" frameborder=\"0\" allow=\"accelerometer; autoplay; clipboard-write; encrypted-media; gyroscope; picture-in-picture; web-share\" referrerpolicy=\"strict-origin-when-cross-origin\" allowfullscreen><\/iframe><\/p>\n","protected":false},"excerpt":{"rendered":"<p>A partir del primero de abril, el personal licenciado de las Fuerzas Armadas convocado para enfrentar la emergencia empezar\u00e1n a presentarse en las unidades militares m\u00e1s cercanas a su lugar de residencia. Lima, 29 Marzo 2020, (ANDINA).- A partir del primero de abril, el personal licenciado de las Fuerzas Armadas convocado para enfrentar la emergencia [&hellip;]<\/p>\n","protected":false},"author":1,"featured_media":67389,"comment_status":"open","ping_status":"open","sticky":false,"template":"","format":"standard","meta":{"rop_custom_images_group":[],"rop_custom_messages_group":[],"rop_publish_now":"initial","rop_publish_now_accounts":[],"rop_publish_now_history":[],"rop_publish_now_status":"pending","footnotes":""},"categories":[5],"tags":[5236,5364,1394],"class_list":["post-67388","post","type-post","status-publish","format-standard","has-post-thumbnail","hentry","category-actualidad-informativa","tag-coronavirus","tag-covid-19","tag-ejercito"],"_links":{"self":[{"href":"https:\/\/elinformanteperu.com\/index.php\/wp-json\/wp\/v2\/posts\/67388","targetHints":{"allow":["GET"]}}],"collection":[{"href":"https:\/\/elinformanteperu.com\/index.php\/wp-json\/wp\/v2\/posts"}],"about":[{"href":"https:\/\/elinformanteperu.com\/index.php\/wp-json\/wp\/v2\/types\/post"}],"author":[{"embeddable":true,"href":"https:\/\/elinformanteperu.com\/index.php\/wp-json\/wp\/v2\/users\/1"}],"replies":[{"embeddable":true,"href":"https:\/\/elinformanteperu.com\/index.php\/wp-json\/wp\/v2\/comments?post=67388"}],"version-history":[{"count":2,"href":"https:\/\/elinformanteperu.com\/index.php\/wp-json\/wp\/v2\/posts\/67388\/revisions"}],"predecessor-version":[{"id":67403,"href":"https:\/\/elinformanteperu.com\/index.php\/wp-json\/wp\/v2\/posts\/67388\/revisions\/67403"}],"wp:featuredmedia":[{"embeddable":true,"href":"https:\/\/elinformanteperu.com\/index.php\/wp-json\/wp\/v2\/media\/67389"}],"wp:attachment":[{"href":"https:\/\/elinformanteperu.com\/index.php\/wp-json\/wp\/v2\/media?parent=67388"}],"wp:term":[{"taxonomy":"category","embeddable":true,"href":"https:\/\/elinformanteperu.com\/index.php\/wp-json\/wp\/v2\/categories?post=67388"},{"taxonomy":"post_tag","embeddable":true,"href":"https:\/\/elinformanteperu.com\/index.php\/wp-json\/wp\/v2\/tags?post=67388"}],"curies":[{"name":"wp","href":"https:\/\/api.w.org\/{rel}","templated":true}]}}