{"id":67385,"date":"2020-03-29T15:14:38","date_gmt":"2020-03-29T20:14:38","guid":{"rendered":"http:\/\/elinformanteperu.com\/?p=67385"},"modified":"2020-03-29T15:14:38","modified_gmt":"2020-03-29T20:14:38","slug":"coronavirus-otras-dos-personas-fallecieron-sumando-18-a-la-fecha","status":"publish","type":"post","link":"https:\/\/elinformanteperu.com\/index.php\/2020\/03\/29\/coronavirus-otras-dos-personas-fallecieron-sumando-18-a-la-fecha\/","title":{"rendered":"Coronavirus: otras dos personas fallecieron sumando 18 a la fecha"},"content":{"rendered":"<p><strong><span style=\"color: #000000;\">Otras dos personas dejaron de existir a causa del covid-19, con lo que la cifra de v\u00edctimas mortales se elev\u00f3 a 18, inform\u00f3 el Ministerio de Salud a trav\u00e9s de un comunicado.<\/span><\/strong><\/p>\n<p><span style=\"color: #000000;\"><strong>Lima, 29 Marzo 2020, (ANDINA).-<\/strong> Otras dos personas dejaron de existir a causa del covid-19, con lo que la cifra de v\u00edctimas mortales se elev\u00f3 a 18, inform\u00f3 el Ministerio de Salud a trav\u00e9s de un comunicado.<\/span><\/p>\n<p><span style=\"color: #000000;\">Se trata de un var\u00f3n de 91 a\u00f1os de edad con enfermedad renal cr\u00f3nica, que ingres\u00f3 al Hospital Guillermo Almenara por neumon\u00eda e infecci\u00f3n por COVID19. Su proceso fue desfavorable, ocurriendo su deceso el 27 <\/span><span style=\"color: #000000;\">de marzo de 2020 a las 12:30 horas.<\/span><\/p>\n<p><span style=\"color: #000000;\">Tambi\u00e9n falleci\u00f3 una mujer de 66 a\u00f1os de edad con obesidad m\u00f3rbida, quien ingres\u00f3 al Hospital III de Chimbote en la regi\u00f3n Ancash por neumon\u00eda e infecci\u00f3n por COVID-19. Su deceso ocurri\u00f3 ayer 28 de marzo de 2020 a las 17:25 horas.<\/span><\/p>\n<p><span style=\"color: #000000;\">\u00abEn nombre de todos los peruanos expresamos nuestras m\u00e1s sentidas condolencias a los familiares en este momento de dolor\u00bb, se\u00f1ala el comunicado.<\/span><\/p>\n<p><span style=\"color: #000000;\">El d\u00eda viernes 6 de marzo de 2020 se confirm\u00f3 el primer caso de coronavirus en el Per\u00fa en un ciudadano que lleg\u00f3 desde Europa, quien ya ha sido dado de alta y est\u00e1 fuera de peligro tras guardar la cuarentena respectiva.<\/span><\/p>\n","protected":false},"excerpt":{"rendered":"<p>Otras dos personas dejaron de existir a causa del covid-19, con lo que la cifra de v\u00edctimas mortales se elev\u00f3 a 18, inform\u00f3 el Ministerio de Salud a trav\u00e9s de un comunicado. Lima, 29 Marzo 2020, (ANDINA).- Otras dos personas dejaron de existir a causa del covid-19, con lo que la cifra de v\u00edctimas mortales [&hellip;]<\/p>\n","protected":false},"author":1,"featured_media":67386,"comment_status":"open","ping_status":"open","sticky":false,"template":"","format":"standard","meta":{"rop_custom_images_group":[],"rop_custom_messages_group":[],"rop_publish_now":"initial","rop_publish_now_accounts":[],"rop_publish_now_history":[],"rop_publish_now_status":"pending","footnotes":""},"categories":[10],"tags":[5236,5364,388,431],"class_list":["post-67385","post","type-post","status-publish","format-standard","has-post-thumbnail","hentry","category-actualidad-municipal","tag-coronavirus","tag-covid-19","tag-ministerio-de-salud","tag-minsa"],"_links":{"self":[{"href":"https:\/\/elinformanteperu.com\/index.php\/wp-json\/wp\/v2\/posts\/67385","targetHints":{"allow":["GET"]}}],"collection":[{"href":"https:\/\/elinformanteperu.com\/index.php\/wp-json\/wp\/v2\/posts"}],"about":[{"href":"https:\/\/elinformanteperu.com\/index.php\/wp-json\/wp\/v2\/types\/post"}],"author":[{"embeddable":true,"href":"https:\/\/elinformanteperu.com\/index.php\/wp-json\/wp\/v2\/users\/1"}],"replies":[{"embeddable":true,"href":"https:\/\/elinformanteperu.com\/index.php\/wp-json\/wp\/v2\/comments?post=67385"}],"version-history":[{"count":1,"href":"https:\/\/elinformanteperu.com\/index.php\/wp-json\/wp\/v2\/posts\/67385\/revisions"}],"predecessor-version":[{"id":67387,"href":"https:\/\/elinformanteperu.com\/index.php\/wp-json\/wp\/v2\/posts\/67385\/revisions\/67387"}],"wp:featuredmedia":[{"embeddable":true,"href":"https:\/\/elinformanteperu.com\/index.php\/wp-json\/wp\/v2\/media\/67386"}],"wp:attachment":[{"href":"https:\/\/elinformanteperu.com\/index.php\/wp-json\/wp\/v2\/media?parent=67385"}],"wp:term":[{"taxonomy":"category","embeddable":true,"href":"https:\/\/elinformanteperu.com\/index.php\/wp-json\/wp\/v2\/categories?post=67385"},{"taxonomy":"post_tag","embeddable":true,"href":"https:\/\/elinformanteperu.com\/index.php\/wp-json\/wp\/v2\/tags?post=67385"}],"curies":[{"name":"wp","href":"https:\/\/api.w.org\/{rel}","templated":true}]}}