{"id":67379,"date":"2020-03-29T14:53:25","date_gmt":"2020-03-29T19:53:25","guid":{"rendered":"http:\/\/elinformanteperu.com\/?p=67379"},"modified":"2020-03-29T14:53:25","modified_gmt":"2020-03-29T19:53:25","slug":"coronavirus-asciende-a-852-numero-de-contagiados","status":"publish","type":"post","link":"https:\/\/elinformanteperu.com\/index.php\/2020\/03\/29\/coronavirus-asciende-a-852-numero-de-contagiados\/","title":{"rendered":"Coronavirus: asciende a 852 n\u00famero de contagiados"},"content":{"rendered":"<p><strong><span style=\"color: #000000;\">Hasta el d\u00eda de hoy, domingo 29 de marzo, 852 personas est\u00e1n contagiadas de coronavirus en el pa\u00eds, inform\u00f3 el Ministerio de Salud.<\/span><\/strong><\/p>\n<p><span style=\"color: #000000;\"><strong>Lima, 29 Marzo 2020, (ANDINA).-<\/strong> Hasta el d\u00eda de hoy, domingo 29 de marzo, 852 personas est\u00e1n contagiadas de coronavirus en el pa\u00eds, inform\u00f3 el Ministerio de Salud.<\/span><\/p>\n<p><span style=\"color: #000000;\">En un comunicado, el Minsa detall\u00f3 que se han procesado muestras para 12,669 personas por COVID-19, obteni\u00e9ndose, hasta las 00:00 horas, 852 resultados positivos y 11,817 negativos.<\/span><\/p>\n<p><span style=\"color: #000000;\">Agreg\u00f3 que a la fecha se tienen 107 pacientes hospitalizados con Covid-19, de los cuales, 40 se encuentran en Unidades de Cuidados Intensivos y de estos, 37 requieren ventilaci\u00f3n mec\u00e1nica. Del total de pacientes hospitalizados, 16 fueron dados de alta.<\/span><\/p>\n<p><span style=\"color: #000000;\">La ciudad de Lima sigue acumulando el mayor n\u00famero de infectados a la fecha con 639.<\/span><\/p>\n<p><span style=\"color: #000000;\">Las siguientes regiones tambi\u00e9n presentan pacientes con Covid-19: Loreto (52), Callao (29), Lambayeque (22), Piura (21), Cusco (17), Arequipa (15), Jun\u00edn (13), La Libertad (13), Tumbes (08), \u00c1ncash (06), Ica (05), Hu\u00e1nuco (04), San Mart\u00edn (03), Ayacucho (01), Cajamarca (01), Madre de Dios (01), Pasco (01), Tacna (01).<\/span><\/p>\n<p><span style=\"color: #000000;\">El Minsa indic\u00f3 que el Covid-19 a la fecha, ha provocado el fallecimiento de 18 personas en el Per\u00fa.<\/span><\/p>\n<p><span style=\"color: #000000;\">\u00abPara evitar la propagaci\u00f3n del Covid-19, el Gobierno ha decretado que la poblaci\u00f3n debe mantener aislamiento domiciliario\u00bb, finaliza el documento.<\/span><\/p>\n","protected":false},"excerpt":{"rendered":"<p>Hasta el d\u00eda de hoy, domingo 29 de marzo, 852 personas est\u00e1n contagiadas de coronavirus en el pa\u00eds, inform\u00f3 el Ministerio de Salud. Lima, 29 Marzo 2020, (ANDINA).- Hasta el d\u00eda de hoy, domingo 29 de marzo, 852 personas est\u00e1n contagiadas de coronavirus en el pa\u00eds, inform\u00f3 el Ministerio de Salud. En un comunicado, el [&hellip;]<\/p>\n","protected":false},"author":1,"featured_media":67380,"comment_status":"open","ping_status":"open","sticky":false,"template":"","format":"standard","meta":{"rop_custom_images_group":[],"rop_custom_messages_group":[],"rop_publish_now":"initial","rop_publish_now_accounts":[],"rop_publish_now_history":[],"rop_publish_now_status":"pending","footnotes":""},"categories":[10],"tags":[5236,5364,388,431],"class_list":["post-67379","post","type-post","status-publish","format-standard","has-post-thumbnail","hentry","category-actualidad-municipal","tag-coronavirus","tag-covid-19","tag-ministerio-de-salud","tag-minsa"],"_links":{"self":[{"href":"https:\/\/elinformanteperu.com\/index.php\/wp-json\/wp\/v2\/posts\/67379","targetHints":{"allow":["GET"]}}],"collection":[{"href":"https:\/\/elinformanteperu.com\/index.php\/wp-json\/wp\/v2\/posts"}],"about":[{"href":"https:\/\/elinformanteperu.com\/index.php\/wp-json\/wp\/v2\/types\/post"}],"author":[{"embeddable":true,"href":"https:\/\/elinformanteperu.com\/index.php\/wp-json\/wp\/v2\/users\/1"}],"replies":[{"embeddable":true,"href":"https:\/\/elinformanteperu.com\/index.php\/wp-json\/wp\/v2\/comments?post=67379"}],"version-history":[{"count":1,"href":"https:\/\/elinformanteperu.com\/index.php\/wp-json\/wp\/v2\/posts\/67379\/revisions"}],"predecessor-version":[{"id":67381,"href":"https:\/\/elinformanteperu.com\/index.php\/wp-json\/wp\/v2\/posts\/67379\/revisions\/67381"}],"wp:featuredmedia":[{"embeddable":true,"href":"https:\/\/elinformanteperu.com\/index.php\/wp-json\/wp\/v2\/media\/67380"}],"wp:attachment":[{"href":"https:\/\/elinformanteperu.com\/index.php\/wp-json\/wp\/v2\/media?parent=67379"}],"wp:term":[{"taxonomy":"category","embeddable":true,"href":"https:\/\/elinformanteperu.com\/index.php\/wp-json\/wp\/v2\/categories?post=67379"},{"taxonomy":"post_tag","embeddable":true,"href":"https:\/\/elinformanteperu.com\/index.php\/wp-json\/wp\/v2\/tags?post=67379"}],"curies":[{"name":"wp","href":"https:\/\/api.w.org\/{rel}","templated":true}]}}