{"id":67374,"date":"2020-03-29T14:28:13","date_gmt":"2020-03-29T19:28:13","guid":{"rendered":"http:\/\/elinformanteperu.com\/?p=67374"},"modified":"2020-03-29T14:28:13","modified_gmt":"2020-03-29T19:28:13","slug":"coronavirus-fiscalia-abre-investigacion-preliminar-contra-nolberto-solano","status":"publish","type":"post","link":"https:\/\/elinformanteperu.com\/index.php\/2020\/03\/29\/coronavirus-fiscalia-abre-investigacion-preliminar-contra-nolberto-solano\/","title":{"rendered":"Coronavirus: fiscal\u00eda abre investigaci\u00f3n preliminar contra Nolberto Solano"},"content":{"rendered":"<p><strong><span style=\"color: #000000;\">La Fiscal\u00eda Provincial Penal de La Molina-Cieneguilla abri\u00f3 investigaci\u00f3n preliminar contra Nolberto Solano y otras cuatro personas.<\/span><\/strong><\/p>\n<p><span style=\"color: #000000;\"><strong>Lima, 29 Marzo 2020, (ANDINA).-<\/strong> La Fiscal\u00eda Provincial Penal de La Molina-Cieneguilla abri\u00f3 investigaci\u00f3n preliminar contra Nolberto Solano y otras cuatro personas, por la presunta infracci\u00f3n a las normas de aislamiento social obligatorio decretado por el Gobierno para contener el coronavirus.<\/span><\/p>\n<p><span style=\"color: #000000;\">Todos ellos ser\u00e1n investigados por el presunto delito contra la violaci\u00f3n de medidas sanitarias y resistencia a la autoridad<\/span><\/p>\n<p><span style=\"color: #000000;\">Las diligencias est\u00e1n a cargo de la fiscal provincial penal Mar\u00eda del Pilar Hern\u00e1ndez por el plazo de 60 d\u00edas.<\/span><\/p>\n<p><span style=\"color: #000000;\">En las investigaciones se encuentran tambi\u00e9n incluidos el exfutbolista Pablo Zegarra, Jackelin Deysi Camayo de la Cruz, Jos\u00e9 Crousillat Cabrera y la ciudadana brit\u00e1nica Kate Howes.<\/span><\/p>\n<p><span style=\"color: #000000;\">Solano, miembro del Comando T\u00e9cnico de la Selecci\u00f3n Nacional de F\u00fatbol, y las dem\u00e1s personas fueron intervenidas el \u00faltimo jueves en una vivienda del distrito de La Molina en horas de la noche, en plena vigencia del aislamiento social obligatorio como parte de las medidas frente al coronavirus.<\/span><\/p>\n<p><span style=\"color: #000000;\">Tras la intervenci\u00f3n, Solano dijo estar arrepentido por la situaci\u00f3n que le toc\u00f3 vivir y pidi\u00f3 disculpas por sus primeras declaraciones a la prensa, en las cuales trat\u00f3 de justificar su actuaci\u00f3n.<\/span><\/p>\n","protected":false},"excerpt":{"rendered":"<p>La Fiscal\u00eda Provincial Penal de La Molina-Cieneguilla abri\u00f3 investigaci\u00f3n preliminar contra Nolberto Solano y otras cuatro personas. Lima, 29 Marzo 2020, (ANDINA).- La Fiscal\u00eda Provincial Penal de La Molina-Cieneguilla abri\u00f3 investigaci\u00f3n preliminar contra Nolberto Solano y otras cuatro personas, por la presunta infracci\u00f3n a las normas de aislamiento social obligatorio decretado por el Gobierno para [&hellip;]<\/p>\n","protected":false},"author":1,"featured_media":7836,"comment_status":"open","ping_status":"open","sticky":false,"template":"","format":"standard","meta":{"rop_custom_images_group":[],"rop_custom_messages_group":[],"rop_publish_now":"initial","rop_publish_now_accounts":[],"rop_publish_now_history":[],"rop_publish_now_status":"pending","footnotes":""},"categories":[10],"tags":[5236,5364,804,5374,281],"class_list":["post-67374","post","type-post","status-publish","format-standard","has-post-thumbnail","hentry","category-actualidad-municipal","tag-coronavirus","tag-covid-19","tag-nolberto-solano","tag-peru-estado-de-emergencia","tag-policia-nacional"],"_links":{"self":[{"href":"https:\/\/elinformanteperu.com\/index.php\/wp-json\/wp\/v2\/posts\/67374","targetHints":{"allow":["GET"]}}],"collection":[{"href":"https:\/\/elinformanteperu.com\/index.php\/wp-json\/wp\/v2\/posts"}],"about":[{"href":"https:\/\/elinformanteperu.com\/index.php\/wp-json\/wp\/v2\/types\/post"}],"author":[{"embeddable":true,"href":"https:\/\/elinformanteperu.com\/index.php\/wp-json\/wp\/v2\/users\/1"}],"replies":[{"embeddable":true,"href":"https:\/\/elinformanteperu.com\/index.php\/wp-json\/wp\/v2\/comments?post=67374"}],"version-history":[{"count":1,"href":"https:\/\/elinformanteperu.com\/index.php\/wp-json\/wp\/v2\/posts\/67374\/revisions"}],"predecessor-version":[{"id":67375,"href":"https:\/\/elinformanteperu.com\/index.php\/wp-json\/wp\/v2\/posts\/67374\/revisions\/67375"}],"wp:featuredmedia":[{"embeddable":true,"href":"https:\/\/elinformanteperu.com\/index.php\/wp-json\/wp\/v2\/media\/7836"}],"wp:attachment":[{"href":"https:\/\/elinformanteperu.com\/index.php\/wp-json\/wp\/v2\/media?parent=67374"}],"wp:term":[{"taxonomy":"category","embeddable":true,"href":"https:\/\/elinformanteperu.com\/index.php\/wp-json\/wp\/v2\/categories?post=67374"},{"taxonomy":"post_tag","embeddable":true,"href":"https:\/\/elinformanteperu.com\/index.php\/wp-json\/wp\/v2\/tags?post=67374"}],"curies":[{"name":"wp","href":"https:\/\/api.w.org\/{rel}","templated":true}]}}