{"id":67365,"date":"2020-03-29T13:56:33","date_gmt":"2020-03-29T18:56:33","guid":{"rendered":"http:\/\/elinformanteperu.com\/?p=67365"},"modified":"2020-03-29T13:56:33","modified_gmt":"2020-03-29T18:56:33","slug":"coronavirus-reforzaran-vigilancia-en-limites-de-oyon-con-provincias-y-regiones-vecinas","status":"publish","type":"post","link":"https:\/\/elinformanteperu.com\/index.php\/2020\/03\/29\/coronavirus-reforzaran-vigilancia-en-limites-de-oyon-con-provincias-y-regiones-vecinas\/","title":{"rendered":"Coronavirus: reforzar\u00e1n vigilancia en l\u00edmites de Oy\u00f3n con provincias y regiones vecinas"},"content":{"rendered":"<p><strong><span style=\"color: #000000;\">El Gobierno Regional de Lima coordin\u00f3 con la Polic\u00eda Nacional y las Fuerzas Armadas el reforzamiento de la vigilancia en puntos estrat\u00e9gicos lim\u00edtrofes de la provincia de Oy\u00f3n.<\/span><\/strong><\/p>\n<p><span style=\"color: #000000;\"><strong>Lima, 29 Marzo 2020, (ANDINA).-<\/strong> El Gobierno Regional de Lima coordin\u00f3 con la Polic\u00eda Nacional y las Fuerzas Armadas el reforzamiento de la vigilancia en puntos estrat\u00e9gicos lim\u00edtrofes de la provincia de Oy\u00f3n para evitar la propagaci\u00f3n del coronavirus covid-19.<\/span><\/p>\n<p><span style=\"color: #000000;\">El gerente regional de Desarrollo Econ\u00f3mico, Alberto Petrlik, en su calidad de coordinador de la Comisi\u00f3n Regional de Emergencia Sanitaria del Gobierno Regional de Lima, anunci\u00f3 que se instalar\u00e1n m\u00f3dulos de atenci\u00f3n sanitaria fronteriza y se intensificar\u00e1 el patrullaje en los l\u00edmites con la localidad de Say\u00e1n, en la provincia de Huaura, y tambi\u00e9n en el sector fronterizo con las regiones de Hu\u00e1nuco y Pasco.<\/span><\/p>\n<p><span style=\"color: #000000;\">Destac\u00f3 el valioso apoyo de la Polic\u00eda Nacional y del Ej\u00e9rcito para hacer respetar el aislamiento domiciliario e inmovilizaci\u00f3n social obligatoria dispuestos por el Ejecutivo en el marco del estado de emergencia para contener la propagaci\u00f3n del covid-19.<\/span><\/p>\n<p><span style=\"color: #000000;\">El funcionario asever\u00f3 que se apoyar\u00e1 a los gobiernos locales con el equipamiento de los centros de salud para asegurar los servicios de emergencia y urgencia m\u00e9dica.<\/span><\/p>\n<p><span style=\"color: #000000;\">Estos acuerdos fueron alcanzados en una reuni\u00f3n con autoridades de la provincia de Oy\u00f3n, as\u00ed como representantes de las fuerzas del orden.<\/span><\/p>\n<p><span style=\"color: #000000;\">Las autoridades tambi\u00e9n acordaron la conformaci\u00f3n de comisiones de trabajo para la limpieza de lugares p\u00fablicos, distribuci\u00f3n de ayuda social a la poblaci\u00f3n vulnerable.<\/span><\/p>\n<p><span style=\"color: #000000;\">Finalmente, el funcionario regional indic\u00f3 que las autoridades se reunir\u00e1n peri\u00f3dicamente para adoptar medidas que garanticen el bienestar de las personas de esta provincia altoandina en esta circunstancia de emergencia sanitaria ante la amenaza del covid-19.<\/span><\/p>\n","protected":false},"excerpt":{"rendered":"<p>El Gobierno Regional de Lima coordin\u00f3 con la Polic\u00eda Nacional y las Fuerzas Armadas el reforzamiento de la vigilancia en puntos estrat\u00e9gicos lim\u00edtrofes de la provincia de Oy\u00f3n. Lima, 29 Marzo 2020, (ANDINA).- El Gobierno Regional de Lima coordin\u00f3 con la Polic\u00eda Nacional y las Fuerzas Armadas el reforzamiento de la vigilancia en puntos estrat\u00e9gicos [&hellip;]<\/p>\n","protected":false},"author":1,"featured_media":67366,"comment_status":"open","ping_status":"open","sticky":false,"template":"","format":"standard","meta":{"rop_custom_images_group":[],"rop_custom_messages_group":[],"rop_publish_now":"initial","rop_publish_now_accounts":[],"rop_publish_now_history":[],"rop_publish_now_status":"pending","footnotes":""},"categories":[10],"tags":[5236,5364,1986,4142],"class_list":["post-67365","post","type-post","status-publish","format-standard","has-post-thumbnail","hentry","category-actualidad-municipal","tag-coronavirus","tag-covid-19","tag-gobierno-regional-de-lima","tag-oyon"],"_links":{"self":[{"href":"https:\/\/elinformanteperu.com\/index.php\/wp-json\/wp\/v2\/posts\/67365","targetHints":{"allow":["GET"]}}],"collection":[{"href":"https:\/\/elinformanteperu.com\/index.php\/wp-json\/wp\/v2\/posts"}],"about":[{"href":"https:\/\/elinformanteperu.com\/index.php\/wp-json\/wp\/v2\/types\/post"}],"author":[{"embeddable":true,"href":"https:\/\/elinformanteperu.com\/index.php\/wp-json\/wp\/v2\/users\/1"}],"replies":[{"embeddable":true,"href":"https:\/\/elinformanteperu.com\/index.php\/wp-json\/wp\/v2\/comments?post=67365"}],"version-history":[{"count":1,"href":"https:\/\/elinformanteperu.com\/index.php\/wp-json\/wp\/v2\/posts\/67365\/revisions"}],"predecessor-version":[{"id":67367,"href":"https:\/\/elinformanteperu.com\/index.php\/wp-json\/wp\/v2\/posts\/67365\/revisions\/67367"}],"wp:featuredmedia":[{"embeddable":true,"href":"https:\/\/elinformanteperu.com\/index.php\/wp-json\/wp\/v2\/media\/67366"}],"wp:attachment":[{"href":"https:\/\/elinformanteperu.com\/index.php\/wp-json\/wp\/v2\/media?parent=67365"}],"wp:term":[{"taxonomy":"category","embeddable":true,"href":"https:\/\/elinformanteperu.com\/index.php\/wp-json\/wp\/v2\/categories?post=67365"},{"taxonomy":"post_tag","embeddable":true,"href":"https:\/\/elinformanteperu.com\/index.php\/wp-json\/wp\/v2\/tags?post=67365"}],"curies":[{"name":"wp","href":"https:\/\/api.w.org\/{rel}","templated":true}]}}