{"id":67357,"date":"2020-03-28T20:54:05","date_gmt":"2020-03-29T01:54:05","guid":{"rendered":"http:\/\/elinformanteperu.com\/?p=67357"},"modified":"2020-03-28T20:54:05","modified_gmt":"2020-03-29T01:54:05","slug":"fuerza-popular-pide-priorizar-proyecto-para-retirar-25-de-afp-y-parte-de-la-cts","status":"publish","type":"post","link":"https:\/\/elinformanteperu.com\/index.php\/2020\/03\/28\/fuerza-popular-pide-priorizar-proyecto-para-retirar-25-de-afp-y-parte-de-la-cts\/","title":{"rendered":"Fuerza Popular pide priorizar proyecto para retirar 25 % de AFP y parte de la CTS"},"content":{"rendered":"<p><strong><span style=\"color: #000000;\">Fuerza Popular solicit\u00f3 que se priorice el debate y aprobaci\u00f3n del proyecto multipartidario que permite a los afiliados a las AFP retirar excepcionalmente hasta el 25 % de sus fondos.<\/span><\/strong><\/p>\n<p><span style=\"color: #000000;\"><strong>Lima, 28 Marzo 2020, (ANDINA).-<\/strong> La bancada de Fuerza Popular solicit\u00f3 que se priorice el debate y aprobaci\u00f3n del proyecto multipartidario que permite a los afiliados a las AFP retirar excepcionalmente hasta el 25 % de sus fondos en cuenta individual y el excedente de dos remuneraciones brutas de las cuentas CTS, en el marco de la emergencia por el covid-19.<\/span><\/p>\n<p><span style=\"color: #000000;\">El vocero de la agrupaci\u00f3n parlamentaria, Diethell Columbus, remiti\u00f3 oficio al presidente del Congreso, Manuel Merino de Lama (Acci\u00f3n Popular), para destacar que esta iniciativa multipartidaria aliviar\u00e1 la carga que pesa sobre las econom\u00edas familiares.<\/span><\/p>\n<p><span style=\"color: #000000;\">Columbus sostuvo que la medida tambi\u00e9n dinamizar\u00e1 la econom\u00eda nacional como consecuencia de la contrataci\u00f3n de bienes y servicios por parte de las personas beneficiadas con esta norma.<\/span><\/p>\n<p><span style=\"color: #000000;\">\u00abLa norma toma en consideraci\u00f3n que si bien la inmovilizaci\u00f3n social obligatoria declarada por el Gobierno es necesaria para evitar la propagaci\u00f3n del virus, tambi\u00e9n es cierto que la misma imposibilita a millones de peruanos a salir a trabajar, afectando directamente las econom\u00edas familiares\u00bb, indic\u00f3.<\/span><\/p>\n<p><span style=\"color: #000000;\">El proyecto incorpora la vig\u00e9sima quinta disposici\u00f3n final y transitoria del Texto \u00danico Ordenado de la Ley del Sistema Privado de Administraci\u00f3n de Fondos de Pensiones, precisando que la entrega de los fondos se realizar\u00e1 en el plazo m\u00e1ximo de 10 d\u00edas de presentada la solicitud.<\/span><\/p>\n<p><span style=\"color: #000000;\">Para ello, se se\u00f1ala que el afiliado deber\u00e1 indicar el n\u00famero de cuenta bancaria para el dep\u00f3sito correspondiente.<\/span><\/p>\n<p><span style=\"color: #000000;\">Respecto al retiro de parte de la CTS, se considerar\u00e1 el monto de la \u00faltima remuneraci\u00f3n del trabajador y corresponder\u00e1 a los empleadores comunicar a las instituciones financieras el monto intangible de cada trabajador.<\/span><\/p>\n<p><span style=\"color: #000000;\">La propuesta establece tambi\u00e9n que el trabajador deber\u00e1 solicitar el retiro del excedente de dos remuneraciones brutas en el plazo m\u00e1ximo de 30 d\u00edas de concluido el actual estado de emergencia.<\/span><\/p>\n","protected":false},"excerpt":{"rendered":"<p>Fuerza Popular solicit\u00f3 que se priorice el debate y aprobaci\u00f3n del proyecto multipartidario que permite a los afiliados a las AFP retirar excepcionalmente hasta el 25 % de sus fondos. Lima, 28 Marzo 2020, (ANDINA).- La bancada de Fuerza Popular solicit\u00f3 que se priorice el debate y aprobaci\u00f3n del proyecto multipartidario que permite a los [&hellip;]<\/p>\n","protected":false},"author":1,"featured_media":67358,"comment_status":"open","ping_status":"open","sticky":false,"template":"","format":"standard","meta":{"rop_custom_images_group":[],"rop_custom_messages_group":[],"rop_publish_now":"initial","rop_publish_now_accounts":[],"rop_publish_now_history":[],"rop_publish_now_status":"pending","footnotes":""},"categories":[5],"tags":[1760,192,5236,5364,2591],"class_list":["post-67357","post","type-post","status-publish","format-standard","has-post-thumbnail","hentry","category-actualidad-informativa","tag-afp","tag-congreso","tag-coronavirus","tag-covid-19","tag-diethell-columbus"],"_links":{"self":[{"href":"https:\/\/elinformanteperu.com\/index.php\/wp-json\/wp\/v2\/posts\/67357","targetHints":{"allow":["GET"]}}],"collection":[{"href":"https:\/\/elinformanteperu.com\/index.php\/wp-json\/wp\/v2\/posts"}],"about":[{"href":"https:\/\/elinformanteperu.com\/index.php\/wp-json\/wp\/v2\/types\/post"}],"author":[{"embeddable":true,"href":"https:\/\/elinformanteperu.com\/index.php\/wp-json\/wp\/v2\/users\/1"}],"replies":[{"embeddable":true,"href":"https:\/\/elinformanteperu.com\/index.php\/wp-json\/wp\/v2\/comments?post=67357"}],"version-history":[{"count":1,"href":"https:\/\/elinformanteperu.com\/index.php\/wp-json\/wp\/v2\/posts\/67357\/revisions"}],"predecessor-version":[{"id":67359,"href":"https:\/\/elinformanteperu.com\/index.php\/wp-json\/wp\/v2\/posts\/67357\/revisions\/67359"}],"wp:featuredmedia":[{"embeddable":true,"href":"https:\/\/elinformanteperu.com\/index.php\/wp-json\/wp\/v2\/media\/67358"}],"wp:attachment":[{"href":"https:\/\/elinformanteperu.com\/index.php\/wp-json\/wp\/v2\/media?parent=67357"}],"wp:term":[{"taxonomy":"category","embeddable":true,"href":"https:\/\/elinformanteperu.com\/index.php\/wp-json\/wp\/v2\/categories?post=67357"},{"taxonomy":"post_tag","embeddable":true,"href":"https:\/\/elinformanteperu.com\/index.php\/wp-json\/wp\/v2\/tags?post=67357"}],"curies":[{"name":"wp","href":"https:\/\/api.w.org\/{rel}","templated":true}]}}