{"id":67354,"date":"2020-03-28T20:51:26","date_gmt":"2020-03-29T01:51:26","guid":{"rendered":"http:\/\/elinformanteperu.com\/?p=67354"},"modified":"2020-03-28T20:51:26","modified_gmt":"2020-03-29T01:51:26","slug":"asociacion-de-afp-hace-llamado-a-la-reflexion-al-congreso-para-evitar-afectar-al-afiliado","status":"publish","type":"post","link":"https:\/\/elinformanteperu.com\/index.php\/2020\/03\/28\/asociacion-de-afp-hace-llamado-a-la-reflexion-al-congreso-para-evitar-afectar-al-afiliado\/","title":{"rendered":"Asociaci\u00f3n de AFP hace llamado a la reflexi\u00f3n al Congreso para evitar afectar al afiliado"},"content":{"rendered":"<p><strong><span style=\"color: #000000;\">La presidenta de la Asociaci\u00f3n de AFP, Giovanna Prial\u00e9, exhort\u00f3 al Congreso de la Rep\u00fablica a no adoptar decisiones que podr\u00edan, en el corto plazo, afectar el Sistema Privado de Pensiones.<\/span><\/strong><\/p>\n<p><span style=\"color: #000000;\"><strong>Lima, 28 Marzo 2020, (ANDINA).-<\/strong> La presidenta de la Asociaci\u00f3n de AFP, Giovanna Prial\u00e9, exhort\u00f3 al Congreso de la Rep\u00fablica a no adoptar decisiones que podr\u00edan, en el corto plazo, afectar el Sistema Privado de Pensiones (SPP).<\/span><\/p>\n<p><span style=\"color: #000000;\">Fue al comentar el pedido para que este martes, el Parlamento Nacional vote el proyecto de ley multipartidario que propone el retiro del 25% del fondo acumulado de los aportes a las AFP y el 100% del excedente de dos sueldos de la CTS, debido a la emergencia por el covid-19.<\/span><\/p>\n<p><span style=\"color: #000000;\">\u201cEs necesario analizar los temas de manera gradual y responsable (\u2026) Es importante la discusi\u00f3n, la tolerancia y el di\u00e1logo, pero siempre pensando en el pa\u00eds porque una medida como esta ser\u00eda catastr\u00f3fica para el sistema de pensiones, por eso hago un llamado a la reflexi\u00f3n\u201d, manifest\u00f3.<\/span><\/p>\n<p><span style=\"color: #000000;\">Explic\u00f3 que liberar el 25% del fondo de pensiones en este momento equivale a liquidar 40,000 millones de soles, lo cual es \u201cda\u00f1ino\u201d para el sistema tomando en cuenta que por la coyuntura hay una sobreoferta de activos, lo que obligar\u00eda a las AFP a rematar sus bonos y acciones.<\/span><\/p>\n<p><span style=\"color: #000000;\">\u201cHoy en d\u00eda por el coronavirus nadie te quiere comprar activos, entonces, una medida como esta nos obligar\u00eda a rematar los activos lo cual har\u00eda que la recuperaci\u00f3n de los fondos se prolongue\u201d, afirm\u00f3 a la Agencia Andina.<\/span><\/p>\n<p><span style=\"color: #000000;\">Enfatiz\u00f3 que las AFP son el principal inversionista institucional de este pa\u00eds pues tienen invertido en el mercado peruano cerca de 95,000 millones de soles: 36,000 millones en bonos del gobierno peruano, 22,000 millones en el sistema financiero y 36,000 millones en el mercado de capitales.<\/span><\/p>\n<p><span style=\"color: #000000;\">En esa l\u00ednea, dijo que liquidar el 25% del fondo supone quitarle fuente de financiamiento a las personas, a las empresas y al gobierno, en el momento en que m\u00e1s necesitan cr\u00e9dito.<\/span><\/p>\n<p><span style=\"color: #000000;\">\u201cLiquidar estas posiciones supondr\u00eda una contracci\u00f3n significativa de los mercados de capitales y financiero, y supondr\u00eda tasas mucho m\u00e1s elevadas de endeudamiento\u201d, asever\u00f3.<\/span><\/p>\n<p><span style=\"color: #000000;\">\u201cDefinitivamente una medida como esta desestabilizar\u00e1 el Sistema Privado de Pensiones y adem\u00e1s agravar\u00e1 la recesi\u00f3n de la econom\u00eda en el corto plazo, y en largo plazo afectar\u00e1 la rentabilidad de las pensiones de los pensiones y futuros jubilados\u201d, enfatiz\u00f3.<\/span><\/p>\n<p><span style=\"color: #000000;\">Finalmente, hizo un llamado a la calma a los afiliados al SPP sobre la rentabilidad de sus fondos, pues afirm\u00f3 que cuando la crisis se aten\u00fae los fondos se recuperar\u00e1n en similar proporci\u00f3n.<\/span><\/p>\n<p><span style=\"color: #000000;\">\u201cSi bien esta coyuntura es fuerte, el SPP ha pasado por varias crisis y siempre se ha recuperado\u201d, puntualiz\u00f3.<\/span><\/p>\n","protected":false},"excerpt":{"rendered":"<p>La presidenta de la Asociaci\u00f3n de AFP, Giovanna Prial\u00e9, exhort\u00f3 al Congreso de la Rep\u00fablica a no adoptar decisiones que podr\u00edan, en el corto plazo, afectar el Sistema Privado de Pensiones. Lima, 28 Marzo 2020, (ANDINA).- La presidenta de la Asociaci\u00f3n de AFP, Giovanna Prial\u00e9, exhort\u00f3 al Congreso de la Rep\u00fablica a no adoptar decisiones [&hellip;]<\/p>\n","protected":false},"author":1,"featured_media":67355,"comment_status":"open","ping_status":"open","sticky":false,"template":"","format":"standard","meta":{"rop_custom_images_group":[],"rop_custom_messages_group":[],"rop_publish_now":"initial","rop_publish_now_accounts":[],"rop_publish_now_history":[],"rop_publish_now_status":"pending","footnotes":""},"categories":[5],"tags":[1760,5236,5364,5403],"class_list":["post-67354","post","type-post","status-publish","format-standard","has-post-thumbnail","hentry","category-actualidad-informativa","tag-afp","tag-coronavirus","tag-covid-19","tag-giovanna-priale"],"_links":{"self":[{"href":"https:\/\/elinformanteperu.com\/index.php\/wp-json\/wp\/v2\/posts\/67354","targetHints":{"allow":["GET"]}}],"collection":[{"href":"https:\/\/elinformanteperu.com\/index.php\/wp-json\/wp\/v2\/posts"}],"about":[{"href":"https:\/\/elinformanteperu.com\/index.php\/wp-json\/wp\/v2\/types\/post"}],"author":[{"embeddable":true,"href":"https:\/\/elinformanteperu.com\/index.php\/wp-json\/wp\/v2\/users\/1"}],"replies":[{"embeddable":true,"href":"https:\/\/elinformanteperu.com\/index.php\/wp-json\/wp\/v2\/comments?post=67354"}],"version-history":[{"count":1,"href":"https:\/\/elinformanteperu.com\/index.php\/wp-json\/wp\/v2\/posts\/67354\/revisions"}],"predecessor-version":[{"id":67356,"href":"https:\/\/elinformanteperu.com\/index.php\/wp-json\/wp\/v2\/posts\/67354\/revisions\/67356"}],"wp:featuredmedia":[{"embeddable":true,"href":"https:\/\/elinformanteperu.com\/index.php\/wp-json\/wp\/v2\/media\/67355"}],"wp:attachment":[{"href":"https:\/\/elinformanteperu.com\/index.php\/wp-json\/wp\/v2\/media?parent=67354"}],"wp:term":[{"taxonomy":"category","embeddable":true,"href":"https:\/\/elinformanteperu.com\/index.php\/wp-json\/wp\/v2\/categories?post=67354"},{"taxonomy":"post_tag","embeddable":true,"href":"https:\/\/elinformanteperu.com\/index.php\/wp-json\/wp\/v2\/tags?post=67354"}],"curies":[{"name":"wp","href":"https:\/\/api.w.org\/{rel}","templated":true}]}}