{"id":67351,"date":"2020-03-28T20:48:33","date_gmt":"2020-03-29T01:48:33","guid":{"rendered":"http:\/\/elinformanteperu.com\/?p=67351"},"modified":"2020-03-28T20:48:33","modified_gmt":"2020-03-29T01:48:33","slug":"minsa-anuncia-que-16-pacientes-ya-se-han-recuperado-del-covid-19","status":"publish","type":"post","link":"https:\/\/elinformanteperu.com\/index.php\/2020\/03\/28\/minsa-anuncia-que-16-pacientes-ya-se-han-recuperado-del-covid-19\/","title":{"rendered":"Minsa anuncia que 16 pacientes ya se han recuperado del Covid-19"},"content":{"rendered":"<p><strong><span style=\"color: #000000;\">El ministro de Salud, V\u00edctor Zamora, dio a conocer que ya suman 16 las personas que se han recuperado del Covid-19.<\/span><\/strong><\/p>\n<p><span style=\"color: #000000;\"><strong>Lima, 28 Marzo 2020, (ANDINA).-<\/strong> El Per\u00fa sigue luchando por derrotar al nuevo coronavirus y en ese esfuerzo, el ministro de Salud, V\u00edctor Zamora, dio a conocer que ya suman 16 las personas que se han recuperado del Covid-19 y encontraron mejor\u00eda tras recibir diagn\u00f3stico y atenci\u00f3n m\u00e9dica oportuna.<\/span><\/p>\n<p><span style=\"color: #000000;\">Las personas que superaron con \u00e9xito la enfermedad recibieron atenci\u00f3n m\u00e9dica en Cusco (5), Hospital Nacional Dos de Mayo (3), Hospital de Emergencias de Villa El Salvador (3), Hospital Nacional Guillermo Almenara Irigoyen (1) y cl\u00ednicas privadas (4).<\/span><\/p>\n<p><span style=\"color: #000000;\">En Villa El Salvador, se sabe que los tres pacientes de sexo masculino y cuyas edades son 33, 39 y 54 a\u00f1os, recibieron ventilaci\u00f3n espont\u00e1nea y fueron dados de alta el d\u00eda de ayer, 27 de marzo.<\/span><\/p>\n<p><span style=\"color: #000000;\">Los datos de todos los pacientes, atendidos tanto en establecimientos de salud p\u00fablicos y privados, se mantienen en estricta reserva a fin de respetar la privacidad de los mismos y no sean estigmatizados por sus entornos social y\/o laboral.<\/span><\/p>\n<p><span style=\"color: #000000;\">Como se recuerda, en la mayor\u00eda de contagiados, el coronavirus Covid-19 se manifiesta a trav\u00e9s de s\u00edntomas leves o moderados, como fiebre y tos, y la inmensa mayor\u00eda se recupera.<\/span><\/p>\n<p><span style=\"color: #000000;\">Seg\u00fan la Organizaci\u00f3n Mundial de la Salud (OMS), los pacientes con casos moderados de Covid-19 encuentran mejor\u00eda en su salud en unas dos semanas, mientras que aquellos que presentan un cuadro m\u00e1s severo podr\u00edan tardar entre tres y seis.<\/span><\/p>\n<p><span style=\"color: #000000;\">No obstante, la enfermedad puede causar s\u00edntomas de diversa gravedad, especialmente en adultos mayores y gente con problemas de salud previos, como diabetes, insuficiencia renal, hipertensi\u00f3n, entre otros, por lo que el Minsa reitera la necesidad de respetar el aislamiento social obligatorio hasta el 12 de abril, inclusive, a fin de proteger a esta poblaci\u00f3n en riesgo.<\/span><\/p>\n","protected":false},"excerpt":{"rendered":"<p>El ministro de Salud, V\u00edctor Zamora, dio a conocer que ya suman 16 las personas que se han recuperado del Covid-19. Lima, 28 Marzo 2020, (ANDINA).- El Per\u00fa sigue luchando por derrotar al nuevo coronavirus y en ese esfuerzo, el ministro de Salud, V\u00edctor Zamora, dio a conocer que ya suman 16 las personas que [&hellip;]<\/p>\n","protected":false},"author":1,"featured_media":67352,"comment_status":"open","ping_status":"open","sticky":false,"template":"","format":"standard","meta":{"rop_custom_images_group":[],"rop_custom_messages_group":[],"rop_publish_now":"initial","rop_publish_now_accounts":[],"rop_publish_now_history":[],"rop_publish_now_status":"pending","footnotes":""},"categories":[10],"tags":[5236,5364,388,431],"class_list":["post-67351","post","type-post","status-publish","format-standard","has-post-thumbnail","hentry","category-actualidad-municipal","tag-coronavirus","tag-covid-19","tag-ministerio-de-salud","tag-minsa"],"_links":{"self":[{"href":"https:\/\/elinformanteperu.com\/index.php\/wp-json\/wp\/v2\/posts\/67351","targetHints":{"allow":["GET"]}}],"collection":[{"href":"https:\/\/elinformanteperu.com\/index.php\/wp-json\/wp\/v2\/posts"}],"about":[{"href":"https:\/\/elinformanteperu.com\/index.php\/wp-json\/wp\/v2\/types\/post"}],"author":[{"embeddable":true,"href":"https:\/\/elinformanteperu.com\/index.php\/wp-json\/wp\/v2\/users\/1"}],"replies":[{"embeddable":true,"href":"https:\/\/elinformanteperu.com\/index.php\/wp-json\/wp\/v2\/comments?post=67351"}],"version-history":[{"count":1,"href":"https:\/\/elinformanteperu.com\/index.php\/wp-json\/wp\/v2\/posts\/67351\/revisions"}],"predecessor-version":[{"id":67353,"href":"https:\/\/elinformanteperu.com\/index.php\/wp-json\/wp\/v2\/posts\/67351\/revisions\/67353"}],"wp:featuredmedia":[{"embeddable":true,"href":"https:\/\/elinformanteperu.com\/index.php\/wp-json\/wp\/v2\/media\/67352"}],"wp:attachment":[{"href":"https:\/\/elinformanteperu.com\/index.php\/wp-json\/wp\/v2\/media?parent=67351"}],"wp:term":[{"taxonomy":"category","embeddable":true,"href":"https:\/\/elinformanteperu.com\/index.php\/wp-json\/wp\/v2\/categories?post=67351"},{"taxonomy":"post_tag","embeddable":true,"href":"https:\/\/elinformanteperu.com\/index.php\/wp-json\/wp\/v2\/tags?post=67351"}],"curies":[{"name":"wp","href":"https:\/\/api.w.org\/{rel}","templated":true}]}}