{"id":67348,"date":"2020-03-28T20:45:27","date_gmt":"2020-03-29T01:45:27","guid":{"rendered":"http:\/\/elinformanteperu.com\/?p=67348"},"modified":"2020-03-28T20:45:27","modified_gmt":"2020-03-29T01:45:27","slug":"cuarentena-mas-de-1400-detenidos-fueron-incluidos-en-registro-de-infractores","status":"publish","type":"post","link":"https:\/\/elinformanteperu.com\/index.php\/2020\/03\/28\/cuarentena-mas-de-1400-detenidos-fueron-incluidos-en-registro-de-infractores\/","title":{"rendered":"Cuarentena: m\u00e1s de 1,400 detenidos fueron incluidos en Registro de Infractores"},"content":{"rendered":"<p><strong><span style=\"color: #000000;\">Un total de 1, 477 personas detenidas anoche y la madrugada de hoy por las fuerzas del orden en Lima y provincias.<\/span><\/strong><\/p>\n<p><span style=\"color: #000000;\"><strong>Lima, 28 Marzo 2020, (ANDINA).-<\/strong> Un total de 1, 477 personas detenidas anoche y la madrugada de hoy por las fuerzas del orden en Lima y provincias fueron incluidas autom\u00e1ticamente en el Registro de Personas que incumplen las medidas de aislamiento e inmovilizaci\u00f3n social obligatoria dispuestas por el Gobierno para enfrentar la pandemia del coronavirus (Covid-19), inform\u00f3 el Ministerio del Interior (Mininter).<\/span><\/p>\n<p><span style=\"color: #000000;\">Cada uno de estos casos, plenamente identificado con datos personales y DNI, ser\u00e1 remitido al Ministerio P\u00fablico para que act\u00fae de acuerdo a su competencia, seg\u00fan estipula la norma del Mininter publicada ayer viernes en una edici\u00f3n extraordinaria del diario oficial El Peruano.<\/span><\/p>\n<p><span style=\"color: #000000;\">El Mininter precis\u00f3 que el C\u00f3digo Penal establece en su art\u00edculo 292 una pena de hasta tres a\u00f1os de prisi\u00f3n para quien viola las medidas impuestas por la autoridad para evitar la propagaci\u00f3n de una enfermedad o epidemia y le impone hasta ciento ochenta d\u00edas-multa.<\/span><\/p>\n<p><span style=\"color: #000000;\">La sanci\u00f3n se agrava en el caso de desobediencia o resistencia a la autoridad en cuyo caso la pena ser\u00eda de hasta 6 a\u00f1os de prisi\u00f3n, tal como est\u00e1 establecido en el art\u00edculo 368 de C\u00f3digo Penal.<\/span><\/p>\n<p><span style=\"color: #000000;\">Desde que se instaur\u00f3 el Estado de Emergencia Nacional, las fuerzas del orden han detenido a 26,362 infractores en las diversas regiones del pa\u00eds. Los datos de todos estos infractores tambi\u00e9n ser\u00e1n remitidos al Ministerio P\u00fablico para que proceda dentro de sus competencias.<\/span><\/p>\n<p><span style=\"color: #000000;\">Tal es el caso, por ejemplo, de los exfutbolistas Nolberto Solano y Pablo Zegarra Zamora, quienes fueron intervenidos la noche del jueves pasado por la Polic\u00eda Nacional junto a otras tres personas cuando se encontraban en una reuni\u00f3n social al interior de una vivienda en el distrito de La Molina.<\/span><\/p>\n","protected":false},"excerpt":{"rendered":"<p>Un total de 1, 477 personas detenidas anoche y la madrugada de hoy por las fuerzas del orden en Lima y provincias. Lima, 28 Marzo 2020, (ANDINA).- Un total de 1, 477 personas detenidas anoche y la madrugada de hoy por las fuerzas del orden en Lima y provincias fueron incluidas autom\u00e1ticamente en el Registro [&hellip;]<\/p>\n","protected":false},"author":1,"featured_media":67349,"comment_status":"open","ping_status":"open","sticky":false,"template":"","format":"standard","meta":{"rop_custom_images_group":[],"rop_custom_messages_group":[],"rop_publish_now":"initial","rop_publish_now_accounts":[],"rop_publish_now_history":[],"rop_publish_now_status":"pending","footnotes":""},"categories":[10],"tags":[5236,5364,401,280,5374,5375],"class_list":["post-67348","post","type-post","status-publish","format-standard","has-post-thumbnail","hentry","category-actualidad-municipal","tag-coronavirus","tag-covid-19","tag-mininter","tag-ministerio-del-interior","tag-peru-estado-de-emergencia","tag-toque-de-queda-2020"],"_links":{"self":[{"href":"https:\/\/elinformanteperu.com\/index.php\/wp-json\/wp\/v2\/posts\/67348","targetHints":{"allow":["GET"]}}],"collection":[{"href":"https:\/\/elinformanteperu.com\/index.php\/wp-json\/wp\/v2\/posts"}],"about":[{"href":"https:\/\/elinformanteperu.com\/index.php\/wp-json\/wp\/v2\/types\/post"}],"author":[{"embeddable":true,"href":"https:\/\/elinformanteperu.com\/index.php\/wp-json\/wp\/v2\/users\/1"}],"replies":[{"embeddable":true,"href":"https:\/\/elinformanteperu.com\/index.php\/wp-json\/wp\/v2\/comments?post=67348"}],"version-history":[{"count":1,"href":"https:\/\/elinformanteperu.com\/index.php\/wp-json\/wp\/v2\/posts\/67348\/revisions"}],"predecessor-version":[{"id":67350,"href":"https:\/\/elinformanteperu.com\/index.php\/wp-json\/wp\/v2\/posts\/67348\/revisions\/67350"}],"wp:featuredmedia":[{"embeddable":true,"href":"https:\/\/elinformanteperu.com\/index.php\/wp-json\/wp\/v2\/media\/67349"}],"wp:attachment":[{"href":"https:\/\/elinformanteperu.com\/index.php\/wp-json\/wp\/v2\/media?parent=67348"}],"wp:term":[{"taxonomy":"category","embeddable":true,"href":"https:\/\/elinformanteperu.com\/index.php\/wp-json\/wp\/v2\/categories?post=67348"},{"taxonomy":"post_tag","embeddable":true,"href":"https:\/\/elinformanteperu.com\/index.php\/wp-json\/wp\/v2\/tags?post=67348"}],"curies":[{"name":"wp","href":"https:\/\/api.w.org\/{rel}","templated":true}]}}