{"id":67345,"date":"2020-03-28T20:42:35","date_gmt":"2020-03-29T01:42:35","guid":{"rendered":"http:\/\/elinformanteperu.com\/?p=67345"},"modified":"2020-03-28T21:14:10","modified_gmt":"2020-03-29T02:14:10","slug":"delfines-nadan-en-costa-verde-aprovechando-ausencia-de-banistas-por-cuarentena","status":"publish","type":"post","link":"https:\/\/elinformanteperu.com\/index.php\/2020\/03\/28\/delfines-nadan-en-costa-verde-aprovechando-ausencia-de-banistas-por-cuarentena\/","title":{"rendered":"Delfines nadan en Costa Verde aprovechando ausencia de ba\u00f1istas por cuarentena"},"content":{"rendered":"<p><strong><span style=\"color: #000000;\">Mientras millones de personas permanecen en sus casas en cumplimiento de la cuarentena por el coronavirus, en la Costa Verde se pudo apreciar a varios delfines saltando.<\/span><\/strong><\/p>\n<p><span style=\"color: #000000;\"><strong>Lima, 28 Marzo 2020, (ANDINA).-<\/strong> Mientras millones de personas permanecen en sus casas en cumplimiento de la cuarentena por el coronavirus, en la Costa Verde se pudo apreciar a varios delfines saltando en el mar como si tomaran posesi\u00f3n de un espacio que es suyo.<\/span><\/p>\n<p><span style=\"color: #000000;\">En im\u00e1genes difundidas por ATV Noticias se observ\u00f3 a alegres delfines que nadaban en las aguas de la playa La Herradura, Chorrillos, ante el asombro de personas que pasaban por all\u00ed o de vecinos que observaron el espect\u00e1culo desde sus hogares.<\/span><\/p>\n<p><span style=\"color: #000000;\">Ante la ausencia de ba\u00f1istas en las playas por el estado de emergencia, diversos animales han vuelto a poblar distintas zonas de la Costa peruana. Esto ocurri\u00f3 hace algunos d\u00edas con bandadas de aves migratorias que se detuvieron en la Costa peruana en su trayecto hacia el hemisferio norte.<\/span><\/p>\n<p><span style=\"color: #000000;\">La ministra del Ambiente, Fabiola Mu\u00f1oz, reflexion\u00f3 al respecto se\u00f1alando que \u00abesto nos tiene que ense\u00f1ar que somos nosotros los que contaminamos el ambiente y los que tenemos la oportunidad de mantener esta situaci\u00f3n, por ejemplo usando m\u00e1s la bicicleta, avanzando hacia la movilidad el\u00e9ctrica y usando m\u00e1s veh\u00edculos a gas natural\u00bb.<\/span><\/p>\n<p><span style=\"color: #000000;\">\u00abClaramente vamos a volver a tener emisiones cuando volvamos a la normalidad. Y ah\u00ed es cuando todos y todas tenemos que comprometernos a pasar las revisiones t\u00e9cnicas y reducir la cantidad de veh\u00edculos que contaminan\u00bb, agreg\u00f3.<\/span><\/p>\n<p><span style=\"color: #000000;\">Las mediciones realizadas por el Ministerio del Ambiente indican que la calidad de aire en Lima alcanz\u00f3 niveles que recomienda la Organizaci\u00f3n Mundial de Salud (OMS), algo que no pasaba hace mucho.<\/span><\/p>\n<p><iframe title=\"Coronavirus en el Per\u00fa: Este es el nuevo rostro de las playas de la Costa Verde\" width=\"615\" height=\"346\" src=\"https:\/\/www.youtube.com\/embed\/VF4U2bCCLcQ?feature=oembed\" frameborder=\"0\" allow=\"accelerometer; autoplay; clipboard-write; encrypted-media; gyroscope; picture-in-picture; web-share\" referrerpolicy=\"strict-origin-when-cross-origin\" allowfullscreen><\/iframe><\/p>\n","protected":false},"excerpt":{"rendered":"<p>Mientras millones de personas permanecen en sus casas en cumplimiento de la cuarentena por el coronavirus, en la Costa Verde se pudo apreciar a varios delfines saltando. Lima, 28 Marzo 2020, (ANDINA).- Mientras millones de personas permanecen en sus casas en cumplimiento de la cuarentena por el coronavirus, en la Costa Verde se pudo apreciar [&hellip;]<\/p>\n","protected":false},"author":1,"featured_media":67360,"comment_status":"open","ping_status":"open","sticky":false,"template":"","format":"standard","meta":{"rop_custom_images_group":[],"rop_custom_messages_group":[],"rop_publish_now":"initial","rop_publish_now_accounts":[],"rop_publish_now_history":[],"rop_publish_now_status":"pending","footnotes":""},"categories":[10],"tags":[5236,4740,5364,3313,368,367],"class_list":["post-67345","post","type-post","status-publish","format-standard","has-post-thumbnail","hentry","category-actualidad-municipal","tag-coronavirus","tag-costa-verde","tag-covid-19","tag-fabiola-munoz","tag-minam","tag-ministerio-del-ambiente"],"_links":{"self":[{"href":"https:\/\/elinformanteperu.com\/index.php\/wp-json\/wp\/v2\/posts\/67345","targetHints":{"allow":["GET"]}}],"collection":[{"href":"https:\/\/elinformanteperu.com\/index.php\/wp-json\/wp\/v2\/posts"}],"about":[{"href":"https:\/\/elinformanteperu.com\/index.php\/wp-json\/wp\/v2\/types\/post"}],"author":[{"embeddable":true,"href":"https:\/\/elinformanteperu.com\/index.php\/wp-json\/wp\/v2\/users\/1"}],"replies":[{"embeddable":true,"href":"https:\/\/elinformanteperu.com\/index.php\/wp-json\/wp\/v2\/comments?post=67345"}],"version-history":[{"count":2,"href":"https:\/\/elinformanteperu.com\/index.php\/wp-json\/wp\/v2\/posts\/67345\/revisions"}],"predecessor-version":[{"id":67361,"href":"https:\/\/elinformanteperu.com\/index.php\/wp-json\/wp\/v2\/posts\/67345\/revisions\/67361"}],"wp:featuredmedia":[{"embeddable":true,"href":"https:\/\/elinformanteperu.com\/index.php\/wp-json\/wp\/v2\/media\/67360"}],"wp:attachment":[{"href":"https:\/\/elinformanteperu.com\/index.php\/wp-json\/wp\/v2\/media?parent=67345"}],"wp:term":[{"taxonomy":"category","embeddable":true,"href":"https:\/\/elinformanteperu.com\/index.php\/wp-json\/wp\/v2\/categories?post=67345"},{"taxonomy":"post_tag","embeddable":true,"href":"https:\/\/elinformanteperu.com\/index.php\/wp-json\/wp\/v2\/tags?post=67345"}],"curies":[{"name":"wp","href":"https:\/\/api.w.org\/{rel}","templated":true}]}}