{"id":67340,"date":"2020-03-28T14:46:33","date_gmt":"2020-03-28T19:46:33","guid":{"rendered":"http:\/\/elinformanteperu.com\/?p=67340"},"modified":"2020-03-28T14:46:33","modified_gmt":"2020-03-28T19:46:33","slug":"bono-sera-por-un-total-de-s-760-por-ampliacion-de-la-emergencia","status":"publish","type":"post","link":"https:\/\/elinformanteperu.com\/index.php\/2020\/03\/28\/bono-sera-por-un-total-de-s-760-por-ampliacion-de-la-emergencia\/","title":{"rendered":"Bono ser\u00e1 por un total de S\/ 760 por ampliaci\u00f3n de la emergencia"},"content":{"rendered":"<p><strong><span style=\"color: #000000;\">El presidente Mart\u00edn Vizcarra anunci\u00f3 que el bono para las familias vulnerables durante la la emergencia nacional ser\u00e1 por un total de 760 soles.<\/span><\/strong><\/p>\n<p><span style=\"color: #000000;\"><strong>Lima, 28 Marzo 2020, (ANDINA).-<\/strong> El presidente Mart\u00edn Vizcarra anunci\u00f3 que el bono para las familias vulnerables durante la la emergencia nacional por el coronavirus (covid-19) ser\u00e1 por un total de 760 soles.<\/span><\/p>\n<p><span style=\"color: #000000;\">En conferencia de prensa, explic\u00f3 que inicialmente el bono era de 380 soles pues estaba pensado para un periodo de 15 d\u00edas, pero al ampliarse la emergencia este ser\u00e1 el doble.<\/span><\/p>\n<p><span style=\"color: #000000;\">\u00abEn consecuencia, el bono por todo el periodo de emergencia es el doble: es 760 soles\u00bb, precis\u00f3 el mandatario al referir que este importe ser\u00e1 entregado de manera gradual.<\/span><\/p>\n<p><span style=\"color: #000000;\">\u00abTodos tenemos que ayudar para enfrentar esta emergencia\u00bb, subray\u00f3 el jefe del Estado, quien resalt\u00f3 el trabajo articulado que deben desarrollar tanto el Ejecutivo como gobiernos locales y regionales, las fuerzas del orden y ciudadan\u00eda para enfrentar el covid-19<\/span><\/p>\n<p><span style=\"color: #000000;\">\u00abSi cumplimos cada quien con nuestra responsabilidad, no tengo menor duda que esta enfermedad va a seguir en aumento pero la vamos a controlar entre todos\u00bb, enfatiz\u00f3 Vizcarra.<\/span><\/p>\n<p><span style=\"color: #000000;\">El bono est\u00e1 dirigido a los hogares de pobreza y pobreza extrema como apoyo frente al coronavirus.<\/span><\/p>\n<p><span style=\"color: #000000;\">Dicho importe es transferido tanto a trav\u00e9s de la banca privada como el Banco de la Naci\u00f3n, refiri\u00f3 el mandatario.<\/span><\/p>\n<p><span style=\"color: #000000;\">Vizcarra brind\u00f3 estos alcances durante la conferencia de prensa realizada en Palacio de Gobierno en el d\u00eda 13 del estado de emergencia nacional.<\/span><\/p>\n","protected":false},"excerpt":{"rendered":"<p>El presidente Mart\u00edn Vizcarra anunci\u00f3 que el bono para las familias vulnerables durante la la emergencia nacional ser\u00e1 por un total de 760 soles. Lima, 28 Marzo 2020, (ANDINA).- El presidente Mart\u00edn Vizcarra anunci\u00f3 que el bono para las familias vulnerables durante la la emergencia nacional por el coronavirus (covid-19) ser\u00e1 por un total de [&hellip;]<\/p>\n","protected":false},"author":1,"featured_media":67341,"comment_status":"open","ping_status":"open","sticky":false,"template":"","format":"standard","meta":{"rop_custom_images_group":[],"rop_custom_messages_group":[],"rop_publish_now":"initial","rop_publish_now_accounts":[],"rop_publish_now_history":[],"rop_publish_now_status":"pending","footnotes":""},"categories":[5],"tags":[5236,5364,289],"class_list":["post-67340","post","type-post","status-publish","format-standard","has-post-thumbnail","hentry","category-actualidad-informativa","tag-coronavirus","tag-covid-19","tag-martin-vizcarra"],"_links":{"self":[{"href":"https:\/\/elinformanteperu.com\/index.php\/wp-json\/wp\/v2\/posts\/67340","targetHints":{"allow":["GET"]}}],"collection":[{"href":"https:\/\/elinformanteperu.com\/index.php\/wp-json\/wp\/v2\/posts"}],"about":[{"href":"https:\/\/elinformanteperu.com\/index.php\/wp-json\/wp\/v2\/types\/post"}],"author":[{"embeddable":true,"href":"https:\/\/elinformanteperu.com\/index.php\/wp-json\/wp\/v2\/users\/1"}],"replies":[{"embeddable":true,"href":"https:\/\/elinformanteperu.com\/index.php\/wp-json\/wp\/v2\/comments?post=67340"}],"version-history":[{"count":1,"href":"https:\/\/elinformanteperu.com\/index.php\/wp-json\/wp\/v2\/posts\/67340\/revisions"}],"predecessor-version":[{"id":67342,"href":"https:\/\/elinformanteperu.com\/index.php\/wp-json\/wp\/v2\/posts\/67340\/revisions\/67342"}],"wp:featuredmedia":[{"embeddable":true,"href":"https:\/\/elinformanteperu.com\/index.php\/wp-json\/wp\/v2\/media\/67341"}],"wp:attachment":[{"href":"https:\/\/elinformanteperu.com\/index.php\/wp-json\/wp\/v2\/media?parent=67340"}],"wp:term":[{"taxonomy":"category","embeddable":true,"href":"https:\/\/elinformanteperu.com\/index.php\/wp-json\/wp\/v2\/categories?post=67340"},{"taxonomy":"post_tag","embeddable":true,"href":"https:\/\/elinformanteperu.com\/index.php\/wp-json\/wp\/v2\/tags?post=67340"}],"curies":[{"name":"wp","href":"https:\/\/api.w.org\/{rel}","templated":true}]}}