{"id":67337,"date":"2020-03-28T14:42:44","date_gmt":"2020-03-28T19:42:44","guid":{"rendered":"http:\/\/elinformanteperu.com\/?p=67337"},"modified":"2020-03-28T14:42:44","modified_gmt":"2020-03-28T19:42:44","slug":"proceso-penal-afrontaran-infractores-de-las-disposiciones-por-emergencia-sanitaria","status":"publish","type":"post","link":"https:\/\/elinformanteperu.com\/index.php\/2020\/03\/28\/proceso-penal-afrontaran-infractores-de-las-disposiciones-por-emergencia-sanitaria\/","title":{"rendered":"Proceso penal afrontar\u00e1n infractores de las disposiciones por emergencia sanitaria"},"content":{"rendered":"<p><strong><span style=\"color: #000000;\">El presidente de la Rep\u00fablica, Mart\u00edn Vizcarra, advirti\u00f3 que las personas que no cumplen con las disposiciones dictadas por el Gobierno, enfrentar\u00e1n un proceso penal.<\/span><\/strong><\/p>\n<p><span style=\"color: #000000;\"><strong>Lima, 28 Marzo 2020, (ANDINA).-<\/strong> El presidente de la Rep\u00fablica, Mart\u00edn Vizcarra, advirti\u00f3 que las personas que no cumplen con las disposiciones dictadas por el Gobierno, en el marco de estado de emergencia por el Covid-19, enfrentar\u00e1n un proceso penal.<\/span><\/p>\n<p><span style=\"color: #000000;\">Indic\u00f3 que esos ciudadanos ser\u00e1n incluidos en un registro de infractores, que ya fue oficializado mediante decreto supremo, el cual ser\u00e1 derivado al Ministerio P\u00fablico para que tipifique el tipo de delitos que cometieron y puedan asumir la responsabilidad de sus actos.<\/span><\/p>\n<p><span style=\"color: #000000;\">\u00abPor eso llamamos la atenci\u00f3n de todos los ciudadanos. Pi\u00e9nsenlo dos veces porque van a afrontar un proceso penal, su irresponsabilidad no va a quedar impune\u00bb, asever\u00f3 el mandatario en conferencia virtual desde Palacio de Gobierno.<\/span><\/p>\n<p><span style=\"color: #000000;\">El jefe de Estado refiri\u00f3 que el C\u00f3digo Penal en su art\u00edculo 292 dispone que el que viola las medidas impuestas por ley o por la autoridad para evitar la introducci\u00f3n al pa\u00eds o para la propagaci\u00f3n de una enfermedad o epidemia tiene pena privativa de libertad y multa.<\/span><\/p>\n<p><span style=\"color: #000000;\">Indic\u00f3 que ser\u00e1 el Ministerio P\u00fablico la entidad que determinar el monto de multa y pena que le corresponder\u00e1 a las personas que no cumplen con las disposiciones del Gobierno para frenar la expansi\u00f3n del coronavirus.<\/span><\/p>\n<p><span style=\"color: #000000;\">El mandatario inform\u00f3 tambi\u00e9n que ya se public\u00f3 el decreto supremo para el llamamiento de la Reserva Org\u00e1nica del Ej\u00e9rcito, licenciados de los a\u00f1os 2018, 2019 y 2020, para apoyar el trabajo que realizan las Fuerzas Armadas durante la emergencia sanitaria.<\/span><\/p>\n<p><span style=\"color: #000000;\">Dijo que se estima que unos 10 mil reservistas se sumar\u00e1n a las labores que desarrollan el Ej\u00e9rcito Peruano, quienes iniciar\u00e1n su servicio a partir del primero abril.<\/span><\/p>\n","protected":false},"excerpt":{"rendered":"<p>El presidente de la Rep\u00fablica, Mart\u00edn Vizcarra, advirti\u00f3 que las personas que no cumplen con las disposiciones dictadas por el Gobierno, enfrentar\u00e1n un proceso penal. Lima, 28 Marzo 2020, (ANDINA).- El presidente de la Rep\u00fablica, Mart\u00edn Vizcarra, advirti\u00f3 que las personas que no cumplen con las disposiciones dictadas por el Gobierno, en el marco de [&hellip;]<\/p>\n","protected":false},"author":1,"featured_media":67338,"comment_status":"open","ping_status":"open","sticky":false,"template":"","format":"standard","meta":{"rop_custom_images_group":[],"rop_custom_messages_group":[],"rop_publish_now":"initial","rop_publish_now_accounts":[],"rop_publish_now_history":[],"rop_publish_now_status":"pending","footnotes":""},"categories":[5],"tags":[5236,5364,289],"class_list":["post-67337","post","type-post","status-publish","format-standard","has-post-thumbnail","hentry","category-actualidad-informativa","tag-coronavirus","tag-covid-19","tag-martin-vizcarra"],"_links":{"self":[{"href":"https:\/\/elinformanteperu.com\/index.php\/wp-json\/wp\/v2\/posts\/67337","targetHints":{"allow":["GET"]}}],"collection":[{"href":"https:\/\/elinformanteperu.com\/index.php\/wp-json\/wp\/v2\/posts"}],"about":[{"href":"https:\/\/elinformanteperu.com\/index.php\/wp-json\/wp\/v2\/types\/post"}],"author":[{"embeddable":true,"href":"https:\/\/elinformanteperu.com\/index.php\/wp-json\/wp\/v2\/users\/1"}],"replies":[{"embeddable":true,"href":"https:\/\/elinformanteperu.com\/index.php\/wp-json\/wp\/v2\/comments?post=67337"}],"version-history":[{"count":1,"href":"https:\/\/elinformanteperu.com\/index.php\/wp-json\/wp\/v2\/posts\/67337\/revisions"}],"predecessor-version":[{"id":67339,"href":"https:\/\/elinformanteperu.com\/index.php\/wp-json\/wp\/v2\/posts\/67337\/revisions\/67339"}],"wp:featuredmedia":[{"embeddable":true,"href":"https:\/\/elinformanteperu.com\/index.php\/wp-json\/wp\/v2\/media\/67338"}],"wp:attachment":[{"href":"https:\/\/elinformanteperu.com\/index.php\/wp-json\/wp\/v2\/media?parent=67337"}],"wp:term":[{"taxonomy":"category","embeddable":true,"href":"https:\/\/elinformanteperu.com\/index.php\/wp-json\/wp\/v2\/categories?post=67337"},{"taxonomy":"post_tag","embeddable":true,"href":"https:\/\/elinformanteperu.com\/index.php\/wp-json\/wp\/v2\/tags?post=67337"}],"curies":[{"name":"wp","href":"https:\/\/api.w.org\/{rel}","templated":true}]}}