{"id":67334,"date":"2020-03-28T14:40:37","date_gmt":"2020-03-28T19:40:37","guid":{"rendered":"http:\/\/elinformanteperu.com\/?p=67334"},"modified":"2020-03-28T14:40:37","modified_gmt":"2020-03-28T19:40:37","slug":"presidente-vizcarra-confirma-671-casos-de-coronavirus-en-el-pais","status":"publish","type":"post","link":"https:\/\/elinformanteperu.com\/index.php\/2020\/03\/28\/presidente-vizcarra-confirma-671-casos-de-coronavirus-en-el-pais\/","title":{"rendered":"Presidente Vizcarra confirma 671 casos de coronavirus en el pa\u00eds"},"content":{"rendered":"<p><strong><span style=\"color: #000000;\">El presidente de la Rep\u00fablica, Mart\u00edn Vizcarra, confirm\u00f3 que el n\u00famero de personas contagiadas con coronavirus se elev\u00f3 a 671 casos en el pa\u00eds.<\/span><\/strong><\/p>\n<p><span style=\"color: #000000;\"><strong>Lima, 28 Marzo 2020, (ANDINA).-<\/strong> El presidente de la Rep\u00fablica, Mart\u00edn Vizcarra, confirm\u00f3 que el n\u00famero de personas contagiadas con coronavirus se elev\u00f3 a 671 casos en el pa\u00eds.<\/span><\/p>\n<p><span style=\"color: #000000;\">En conferencia de prensa, el jefe del Estado se\u00f1al\u00f3 que de un total de 10 896 pruebas procesadas, 671 resultaron positivas, mientras que 10 225 negativas.<\/span><\/p>\n<p><span style=\"color: #000000;\">Los casos positivos, dijo representan poco m\u00e1s del 6% del total de personas a las que se le tom\u00f3 muestra.<\/span><\/p>\n<p><span style=\"color: #000000;\">El mandatario indic\u00f3 que 84 pacientes se encuentran hospitalizados (15 en cl\u00ednicas, 3 en hospitales de las Fuerzas Armadas, 28 en los del Ministerio de Salud y 38 en Essalud).<\/span><\/p>\n<p><span style=\"color: #000000;\">De los hospitalizados, 33 permanecen en instalaciones de Unidad de Cuidados Intensivo, 30 de ellos con ventilaci\u00f3n mec\u00e1nica, 31 est\u00e1n evolucionando de manera favorable.<\/span><\/p>\n<p><span style=\"color: #000000;\">Vizcarra record\u00f3 que enfrentar el coronavirus demanda un trabajo articulado de todos los peruanos mediante las instituciones, la empresa privada y la actitud responsable de cada ciudadano.<\/span><\/p>\n","protected":false},"excerpt":{"rendered":"<p>El presidente de la Rep\u00fablica, Mart\u00edn Vizcarra, confirm\u00f3 que el n\u00famero de personas contagiadas con coronavirus se elev\u00f3 a 671 casos en el pa\u00eds. Lima, 28 Marzo 2020, (ANDINA).- El presidente de la Rep\u00fablica, Mart\u00edn Vizcarra, confirm\u00f3 que el n\u00famero de personas contagiadas con coronavirus se elev\u00f3 a 671 casos en el pa\u00eds. En conferencia [&hellip;]<\/p>\n","protected":false},"author":1,"featured_media":67335,"comment_status":"open","ping_status":"open","sticky":false,"template":"","format":"standard","meta":{"rop_custom_images_group":[],"rop_custom_messages_group":[],"rop_publish_now":"initial","rop_publish_now_accounts":[],"rop_publish_now_history":[],"rop_publish_now_status":"pending","footnotes":""},"categories":[5],"tags":[5236,5364,289],"class_list":["post-67334","post","type-post","status-publish","format-standard","has-post-thumbnail","hentry","category-actualidad-informativa","tag-coronavirus","tag-covid-19","tag-martin-vizcarra"],"_links":{"self":[{"href":"https:\/\/elinformanteperu.com\/index.php\/wp-json\/wp\/v2\/posts\/67334","targetHints":{"allow":["GET"]}}],"collection":[{"href":"https:\/\/elinformanteperu.com\/index.php\/wp-json\/wp\/v2\/posts"}],"about":[{"href":"https:\/\/elinformanteperu.com\/index.php\/wp-json\/wp\/v2\/types\/post"}],"author":[{"embeddable":true,"href":"https:\/\/elinformanteperu.com\/index.php\/wp-json\/wp\/v2\/users\/1"}],"replies":[{"embeddable":true,"href":"https:\/\/elinformanteperu.com\/index.php\/wp-json\/wp\/v2\/comments?post=67334"}],"version-history":[{"count":1,"href":"https:\/\/elinformanteperu.com\/index.php\/wp-json\/wp\/v2\/posts\/67334\/revisions"}],"predecessor-version":[{"id":67336,"href":"https:\/\/elinformanteperu.com\/index.php\/wp-json\/wp\/v2\/posts\/67334\/revisions\/67336"}],"wp:featuredmedia":[{"embeddable":true,"href":"https:\/\/elinformanteperu.com\/index.php\/wp-json\/wp\/v2\/media\/67335"}],"wp:attachment":[{"href":"https:\/\/elinformanteperu.com\/index.php\/wp-json\/wp\/v2\/media?parent=67334"}],"wp:term":[{"taxonomy":"category","embeddable":true,"href":"https:\/\/elinformanteperu.com\/index.php\/wp-json\/wp\/v2\/categories?post=67334"},{"taxonomy":"post_tag","embeddable":true,"href":"https:\/\/elinformanteperu.com\/index.php\/wp-json\/wp\/v2\/tags?post=67334"}],"curies":[{"name":"wp","href":"https:\/\/api.w.org\/{rel}","templated":true}]}}