{"id":67331,"date":"2020-03-28T14:38:44","date_gmt":"2020-03-28T19:38:44","guid":{"rendered":"http:\/\/elinformanteperu.com\/?p=67331"},"modified":"2020-03-28T14:38:44","modified_gmt":"2020-03-28T19:38:44","slug":"congreso-promulga-ley-de-proteccion-policial","status":"publish","type":"post","link":"https:\/\/elinformanteperu.com\/index.php\/2020\/03\/28\/congreso-promulga-ley-de-proteccion-policial\/","title":{"rendered":"Congreso promulga Ley de Protecci\u00f3n Policial"},"content":{"rendered":"<p><strong><span style=\"color: #000000;\">El Congreso de la Rep\u00fablica promulg\u00f3 la Ley de Protecci\u00f3n Policial que tiene por objeto otorgar protecci\u00f3n legal al personal de la Polic\u00eda Nacional del Per\u00fa.<\/span><\/strong><\/p>\n<p><span style=\"color: #000000;\"><strong>Lima, 28 Marzo 2020, (ANDINA).-<\/strong> El Congreso de la Rep\u00fablica promulg\u00f3 la Ley de Protecci\u00f3n Policial que tiene por objeto otorgar protecci\u00f3n legal al personal de la Polic\u00eda Nacional del Per\u00fa que, en ejercicio regular de su funci\u00f3n constitucional, hace uso de sus armas o medios de defensa,en forma reglamentaria causando lesiones o muerte.<\/span><\/p>\n<p><span style=\"color: #000000;\">La ley N\u00b0 31012, publicada en el bolet\u00edn de Normas Legales del diario oficial El Peruano, tambi\u00e9n tiene por objeto brindar el servicio de asesor\u00eda y defensa legal gratuita al personal policial, que afronta una investigaci\u00f3n fiscal o un proceso penal o civil derivado del cumplimiento de la funci\u00f3n policial.<\/span><\/p>\n<p><span style=\"color: #000000;\">La norma se\u00f1ala que al ejercer su derecho a su leg\u00edtima defensa y de la sociedad establecido en la ley, el principio de razonabilidad de medios ser\u00e1 interpretado a favor del personal policial interviniente, estableciendo mecanismos procesales que eviten menoscabar el principio de autoridad policial.<\/span><\/p>\n<p><span style=\"color: #000000;\">\u00abLa presente ley tiene por finalidad garantizar la eficiencia del servicio que presta el personal policial en el cumplimiento de su funci\u00f3n constitucional, cuando hacen uso de sus armas o medios de defensa en forma reglamentaria y de esta manera gocen de la protecci\u00f3n legal del Estado\u00bb, se\u00f1ala el art\u00edculo 2 de la ley.<\/span><\/p>\n<p><span style=\"color: #000000;\">El art\u00edculo 3 precisa que el polic\u00eda que hace uso de sus armas o medios de defensa, contraviniendo la Constituci\u00f3n Pol\u00edtica del Per\u00fa, las normas del Derecho Internacional de los Derechos Humanos reconocidas por el Estado peruano y la presente ley, incurrir\u00e1 en responsabilidad penal y no se aplicar\u00e1 los beneficios de la presente ley.<\/span><\/p>\n<p><span style=\"color: #000000;\">La norma es refrendada por el presidente del Congreso, Manuel Merino de Lama, y el primer vicepresidente de la Mesa Directiva del Parlamento, Luis Valdez.<\/span><\/p>\n","protected":false},"excerpt":{"rendered":"<p>El Congreso de la Rep\u00fablica promulg\u00f3 la Ley de Protecci\u00f3n Policial que tiene por objeto otorgar protecci\u00f3n legal al personal de la Polic\u00eda Nacional del Per\u00fa. Lima, 28 Marzo 2020, (ANDINA).- El Congreso de la Rep\u00fablica promulg\u00f3 la Ley de Protecci\u00f3n Policial que tiene por objeto otorgar protecci\u00f3n legal al personal de la Polic\u00eda Nacional [&hellip;]<\/p>\n","protected":false},"author":1,"featured_media":67332,"comment_status":"open","ping_status":"open","sticky":false,"template":"","format":"standard","meta":{"rop_custom_images_group":[],"rop_custom_messages_group":[],"rop_publish_now":"initial","rop_publish_now_accounts":[],"rop_publish_now_history":[],"rop_publish_now_status":"pending","footnotes":""},"categories":[5],"tags":[192,5374,281,5375],"class_list":["post-67331","post","type-post","status-publish","format-standard","has-post-thumbnail","hentry","category-actualidad-informativa","tag-congreso","tag-peru-estado-de-emergencia","tag-policia-nacional","tag-toque-de-queda-2020"],"_links":{"self":[{"href":"https:\/\/elinformanteperu.com\/index.php\/wp-json\/wp\/v2\/posts\/67331","targetHints":{"allow":["GET"]}}],"collection":[{"href":"https:\/\/elinformanteperu.com\/index.php\/wp-json\/wp\/v2\/posts"}],"about":[{"href":"https:\/\/elinformanteperu.com\/index.php\/wp-json\/wp\/v2\/types\/post"}],"author":[{"embeddable":true,"href":"https:\/\/elinformanteperu.com\/index.php\/wp-json\/wp\/v2\/users\/1"}],"replies":[{"embeddable":true,"href":"https:\/\/elinformanteperu.com\/index.php\/wp-json\/wp\/v2\/comments?post=67331"}],"version-history":[{"count":1,"href":"https:\/\/elinformanteperu.com\/index.php\/wp-json\/wp\/v2\/posts\/67331\/revisions"}],"predecessor-version":[{"id":67333,"href":"https:\/\/elinformanteperu.com\/index.php\/wp-json\/wp\/v2\/posts\/67331\/revisions\/67333"}],"wp:featuredmedia":[{"embeddable":true,"href":"https:\/\/elinformanteperu.com\/index.php\/wp-json\/wp\/v2\/media\/67332"}],"wp:attachment":[{"href":"https:\/\/elinformanteperu.com\/index.php\/wp-json\/wp\/v2\/media?parent=67331"}],"wp:term":[{"taxonomy":"category","embeddable":true,"href":"https:\/\/elinformanteperu.com\/index.php\/wp-json\/wp\/v2\/categories?post=67331"},{"taxonomy":"post_tag","embeddable":true,"href":"https:\/\/elinformanteperu.com\/index.php\/wp-json\/wp\/v2\/tags?post=67331"}],"curies":[{"name":"wp","href":"https:\/\/api.w.org\/{rel}","templated":true}]}}