{"id":67076,"date":"2020-03-25T15:40:05","date_gmt":"2020-03-25T20:40:05","guid":{"rendered":"http:\/\/elinformanteperu.com\/?p=67076"},"modified":"2020-03-25T15:40:05","modified_gmt":"2020-03-25T20:40:05","slug":"federer-dona-un-millon-de-dolares-a-los-mas-necesitados-de-suiza","status":"publish","type":"post","link":"https:\/\/elinformanteperu.com\/index.php\/2020\/03\/25\/federer-dona-un-millon-de-dolares-a-los-mas-necesitados-de-suiza\/","title":{"rendered":"Federer dona un mill\u00f3n de d\u00f3lares a los m\u00e1s necesitados de Suiza"},"content":{"rendered":"<p><strong><span style=\"color: #000000;\">El tenista Roger Federer, campe\u00f3n de veinte torneos el Grand Slam, anunci\u00f3 el donativo de un mill\u00f3n de francos suizos (un mill\u00f3n de d\u00f3lares, 943.000 euros).<\/span><\/strong><\/p>\n<p><span style=\"color: #000000;\"><strong>Ginebra, 25 Marzo 2020, (ANDINA).-<\/strong> El tenista Roger Federer, campe\u00f3n de veinte torneos el Grand Slam, anunci\u00f3 el donativo de un mill\u00f3n de francos suizos (un mill\u00f3n de d\u00f3lares, 943.000 euros) para las familias pobres de su pa\u00eds, las m\u00e1s vulnerables a las consecuencias de la pandemia del coronavirus.<\/span><\/p>\n<p><span style=\"color: #000000;\">\u00abVivimos un momento dif\u00edcil para todos nosotros y nadie debe ser dejado de lado. Mirka (su esposa) y yo hemos decidido hacer personalmente un donativo de un mill\u00f3n de francos suizos para las familias m\u00e1s desfavorecidas de Suiza\u00bb, indic\u00f3 Roger Federer en su cuenta de Instagram, en un mensaje en franc\u00e9s, alem\u00e1n e ingl\u00e9s.<\/span><\/p>\n<p><span style=\"color: #000000;\">\u00abNuestra contribuci\u00f3n es apenas un principio. Esperamos que otros se unan para ayudar todav\u00eda m\u00e1s a las familias con necesidades. \u00a1Juntos podemos superar esta crisis! \u00a1Seguid con buena salud!\u00bb, a\u00f1adi\u00f3 el exn\u00famero uno mundial, uno de los deportistas mejor pagados del mundo, con ingresos de unos 93,4 millones de d\u00f3lares en 2019, seg\u00fan la estimaci\u00f3n de la revista Forbes.<\/span><\/p>\n<p><span style=\"color: #000000;\">Federer y su esposa no precisaron los detalles del destino de ese donativo.<\/span><\/p>\n<p><span style=\"color: #000000;\">La pandemia del coronavirus ha provocado la infecci\u00f3n de casi 9.000 personas en Suiza, con un balance por ahora de al menos 86 muertos, seg\u00fan la Oficina Federal de Salud P\u00fablica del pa\u00eds helv\u00e9tico.<\/span><\/p>\n<p><img fetchpriority=\"high\" decoding=\"async\" class=\"aligncenter size-full wp-image-13184\" src=\"http:\/\/elinformanteperu.com\/wp-content\/uploads\/2017\/07\/roger-federer.jpg\" alt=\"\" width=\"1800\" height=\"1198\" srcset=\"https:\/\/elinformanteperu.com\/wp-content\/uploads\/2017\/07\/roger-federer.jpg 1800w, https:\/\/elinformanteperu.com\/wp-content\/uploads\/2017\/07\/roger-federer-300x200.jpg 300w, https:\/\/elinformanteperu.com\/wp-content\/uploads\/2017\/07\/roger-federer-768x511.jpg 768w, https:\/\/elinformanteperu.com\/wp-content\/uploads\/2017\/07\/roger-federer-1024x682.jpg 1024w, https:\/\/elinformanteperu.com\/wp-content\/uploads\/2017\/07\/roger-federer-128x85.jpg 128w, https:\/\/elinformanteperu.com\/wp-content\/uploads\/2017\/07\/roger-federer-32x21.jpg 32w\" sizes=\"(max-width: 1800px) 100vw, 1800px\" \/><\/p>\n","protected":false},"excerpt":{"rendered":"<p>El tenista Roger Federer, campe\u00f3n de veinte torneos el Grand Slam, anunci\u00f3 el donativo de un mill\u00f3n de francos suizos (un mill\u00f3n de d\u00f3lares, 943.000 euros). Ginebra, 25 Marzo 2020, (ANDINA).- El tenista Roger Federer, campe\u00f3n de veinte torneos el Grand Slam, anunci\u00f3 el donativo de un mill\u00f3n de francos suizos (un mill\u00f3n de d\u00f3lares, [&hellip;]<\/p>\n","protected":false},"author":1,"featured_media":67077,"comment_status":"open","ping_status":"open","sticky":false,"template":"","format":"standard","meta":{"rop_custom_images_group":[],"rop_custom_messages_group":[],"rop_publish_now":"initial","rop_publish_now_accounts":[],"rop_publish_now_history":[],"rop_publish_now_status":"pending","footnotes":""},"categories":[8],"tags":[5236,5364,1914],"class_list":["post-67076","post","type-post","status-publish","format-standard","has-post-thumbnail","hentry","category-disciplinas-deportivas","tag-coronavirus","tag-covid-19","tag-roger-federer"],"_links":{"self":[{"href":"https:\/\/elinformanteperu.com\/index.php\/wp-json\/wp\/v2\/posts\/67076","targetHints":{"allow":["GET"]}}],"collection":[{"href":"https:\/\/elinformanteperu.com\/index.php\/wp-json\/wp\/v2\/posts"}],"about":[{"href":"https:\/\/elinformanteperu.com\/index.php\/wp-json\/wp\/v2\/types\/post"}],"author":[{"embeddable":true,"href":"https:\/\/elinformanteperu.com\/index.php\/wp-json\/wp\/v2\/users\/1"}],"replies":[{"embeddable":true,"href":"https:\/\/elinformanteperu.com\/index.php\/wp-json\/wp\/v2\/comments?post=67076"}],"version-history":[{"count":1,"href":"https:\/\/elinformanteperu.com\/index.php\/wp-json\/wp\/v2\/posts\/67076\/revisions"}],"predecessor-version":[{"id":67078,"href":"https:\/\/elinformanteperu.com\/index.php\/wp-json\/wp\/v2\/posts\/67076\/revisions\/67078"}],"wp:featuredmedia":[{"embeddable":true,"href":"https:\/\/elinformanteperu.com\/index.php\/wp-json\/wp\/v2\/media\/67077"}],"wp:attachment":[{"href":"https:\/\/elinformanteperu.com\/index.php\/wp-json\/wp\/v2\/media?parent=67076"}],"wp:term":[{"taxonomy":"category","embeddable":true,"href":"https:\/\/elinformanteperu.com\/index.php\/wp-json\/wp\/v2\/categories?post=67076"},{"taxonomy":"post_tag","embeddable":true,"href":"https:\/\/elinformanteperu.com\/index.php\/wp-json\/wp\/v2\/tags?post=67076"}],"curies":[{"name":"wp","href":"https:\/\/api.w.org\/{rel}","templated":true}]}}