{"id":66591,"date":"2020-03-18T23:06:14","date_gmt":"2020-03-19T04:06:14","guid":{"rendered":"http:\/\/elinformanteperu.com\/?p=66591"},"modified":"2020-03-18T23:06:14","modified_gmt":"2020-03-19T04:06:14","slug":"congreso-estos-son-los-primeros-proyectos-de-ley-presentados-por-los-parlamentarios","status":"publish","type":"post","link":"https:\/\/elinformanteperu.com\/index.php\/2020\/03\/18\/congreso-estos-son-los-primeros-proyectos-de-ley-presentados-por-los-parlamentarios\/","title":{"rendered":"Congreso: estos son los primeros proyectos de ley presentados por los parlamentarios"},"content":{"rendered":"<p><strong><span style=\"color: #000000;\">Tras la instalaci\u00f3n del Congreso, el pasado lunes 16 de marzo, parlamentarios de diferentes bancadas presentaron ocho iniciativas legislativas.<\/span><\/strong><\/p>\n<p><span style=\"color: #000000;\"><strong>Lima, 18 Marzo 2020, (ANDINA).-<\/strong> Tras la instalaci\u00f3n del Congreso, el pasado lunes 16 de marzo, parlamentarios de diferentes bancadas presentaron ocho iniciativas legislativas, de las cuales dos ya fueron aprobadas.<\/span><\/p>\n<p><span style=\"color: #000000;\">Las primeras iniciativas aprobadas durante la madrugada del 17 de marzo fueron la resoluci\u00f3n legislativa 001-2020-2021-CR, que modifica el Reglamento del Congreso y establece tres legislaturas.<\/span><\/p>\n<p><span style=\"color: #000000;\">La primera se iniciar\u00e1 el 17 de marzo y culminar\u00e1 el 26 de junio; la segunda ser\u00e1 desde el 6 de julio al 18 de diciembre de este a\u00f1os; mientras que la \u00faltima se desarrollar\u00e1 desde el 1 de febrero hasta el 16 de julio de 2021. Esta iniciativa fue multipartidaria.<\/span><\/p>\n<p><span style=\"color: #000000;\">Asimismo, fue aprobada en primera votaci\u00f3n y dispensada de la segunda, el proyecto que a\u00f1ade la tercera disposici\u00f3n complementaria transitoria de la Ley Org\u00e1nica de Elecciones, una iniciativa presentada por Acci\u00f3n Popular.<\/span><\/p>\n<p><span style=\"color: #000000;\">El texto dice lo siguiente: \u00ab(&#8230;) Las normas con rango de ley y normas reglamentarias aprobadas por el Congreso Complementario 2020-2021, ser\u00e1n de aplicaci\u00f3n inmediata desde su publicaci\u00f3n en el Diario Oficial (El Peruano), el plazo para aprobar reformas ser\u00e1 de seis meses antes de la elecci\u00f3n general\u00bb.<\/span><\/p>\n<p><strong><span style=\"color: #000000;\">Inmunidad Parlamentaria<\/span><\/strong><\/p>\n<p><span style=\"color: #000000;\">El grupo pol\u00edtico Somos Per\u00fa present\u00f3 la propuesta de ley de reforma constitucional, para modificar el art\u00edculo 93 de la Constituci\u00f3n, con la finalidad de eliminar la inmunidad parlamentaria.<\/span><\/p>\n<p><span style=\"color: #000000;\">El texto se\u00f1ala que los congresistas de la Rep\u00fablica \u00abno cuentan con la prerrogativa de la inmunidad de arresto ni de proceso penal\u00bb.<\/span><\/p>\n<p><span style=\"color: #000000;\">Otras iniciativas presentadas por Somos Per\u00fa, pero que a\u00fan no fueron vistas en su respectiva comisi\u00f3n ordinaria, plantea una reforma constitucional para facultar a las Fuerzas Armadas a apoyar a la Polic\u00eda Nacional del Per\u00fa en la lucha contra la delincuencia y la criminalidad. Ello a trav\u00e9s de la modificaci\u00f3n de los art\u00edculos 2 y 171 de la Constituci\u00f3n.<\/span><\/p>\n<p><span style=\"color: #000000;\">Desde el mismo grupo pol\u00edtico, tambi\u00e9n se plantea el proyecto de ley de reforma constitucional para impedir que personas sentenciadas postulen a cargos p\u00fablicos.<\/span><\/p>\n<p><span style=\"color: #000000;\">Para ello, se proponer la modificaci\u00f3n del art\u00edculo 34, para que no puedan postular a cargos p\u00fablicos de elecci\u00f3n popular quienes cuenten con sentencia condenatoria emitida en primera instancia por delito doloso; y el art\u00edculo 39 que establece el orden de jerarqu\u00eda de la Junta Nacional de Justicia, y que no pueden ejercer cargos en la administraci\u00f3n p\u00fablica, los condenados en primera instancia, por delito doloso.<\/span><\/p>\n<p><strong><span style=\"color: #000000;\">Elecci\u00f3n TC<\/span><\/strong><\/p>\n<p><span style=\"color: #000000;\">Otra iniciativa planteada por Somos Per\u00fa, es el proyecto de ley que establece reglas transparentes y meritocr\u00e1ticas para elegir los magistrados del Tribunal Constitucional (TC), modificando para ello el art\u00edculo 8 de la Ley Org\u00e1nica del TC.<\/span><\/p>\n<p><span style=\"color: #000000;\">De esta manera, el proyecto establece que el pleno del Congreso designar\u00e1 una comisi\u00f3n especial integrada por un representante de cada grupo parlamentario para conducir el proceso, elecci\u00f3n que ser\u00e1 refrendada por el pleno del Parlamento.<\/span><\/p>\n<p><span style=\"color: #000000;\">Una \u00faltima iniciativa de Somos Per\u00fa, plantea un r\u00e9gimen especial facultativo de devoluci\u00f3n total de aportes en el sistema privado de administraci\u00f3n de fondos de pensiones, cuando el afiliado no ha registrado ni se le ha retenido aportaciones al sistema por mas de 36 meses consecutivos.<\/span><\/p>\n<p><span style=\"color: #000000;\">Mientras que Alianza para el Progreso propone una iniciativa de ley para establecer medidas necesarias para la protecci\u00f3n y fortalecimiento de la econom\u00eda familiar, durante la vigencia del estado de emergencia.<\/span><\/p>\n","protected":false},"excerpt":{"rendered":"<p>Tras la instalaci\u00f3n del Congreso, el pasado lunes 16 de marzo, parlamentarios de diferentes bancadas presentaron ocho iniciativas legislativas. Lima, 18 Marzo 2020, (ANDINA).- Tras la instalaci\u00f3n del Congreso, el pasado lunes 16 de marzo, parlamentarios de diferentes bancadas presentaron ocho iniciativas legislativas, de las cuales dos ya fueron aprobadas. Las primeras iniciativas aprobadas durante [&hellip;]<\/p>\n","protected":false},"author":1,"featured_media":66071,"comment_status":"open","ping_status":"open","sticky":false,"template":"","format":"standard","meta":{"rop_custom_images_group":[],"rop_custom_messages_group":[],"rop_publish_now":"initial","rop_publish_now_accounts":[],"rop_publish_now_history":[],"rop_publish_now_status":"pending","footnotes":""},"categories":[5],"tags":[192],"class_list":["post-66591","post","type-post","status-publish","format-standard","has-post-thumbnail","hentry","category-actualidad-informativa","tag-congreso"],"_links":{"self":[{"href":"https:\/\/elinformanteperu.com\/index.php\/wp-json\/wp\/v2\/posts\/66591","targetHints":{"allow":["GET"]}}],"collection":[{"href":"https:\/\/elinformanteperu.com\/index.php\/wp-json\/wp\/v2\/posts"}],"about":[{"href":"https:\/\/elinformanteperu.com\/index.php\/wp-json\/wp\/v2\/types\/post"}],"author":[{"embeddable":true,"href":"https:\/\/elinformanteperu.com\/index.php\/wp-json\/wp\/v2\/users\/1"}],"replies":[{"embeddable":true,"href":"https:\/\/elinformanteperu.com\/index.php\/wp-json\/wp\/v2\/comments?post=66591"}],"version-history":[{"count":1,"href":"https:\/\/elinformanteperu.com\/index.php\/wp-json\/wp\/v2\/posts\/66591\/revisions"}],"predecessor-version":[{"id":66592,"href":"https:\/\/elinformanteperu.com\/index.php\/wp-json\/wp\/v2\/posts\/66591\/revisions\/66592"}],"wp:featuredmedia":[{"embeddable":true,"href":"https:\/\/elinformanteperu.com\/index.php\/wp-json\/wp\/v2\/media\/66071"}],"wp:attachment":[{"href":"https:\/\/elinformanteperu.com\/index.php\/wp-json\/wp\/v2\/media?parent=66591"}],"wp:term":[{"taxonomy":"category","embeddable":true,"href":"https:\/\/elinformanteperu.com\/index.php\/wp-json\/wp\/v2\/categories?post=66591"},{"taxonomy":"post_tag","embeddable":true,"href":"https:\/\/elinformanteperu.com\/index.php\/wp-json\/wp\/v2\/tags?post=66591"}],"curies":[{"name":"wp","href":"https:\/\/api.w.org\/{rel}","templated":true}]}}