{"id":66589,"date":"2020-03-18T22:44:37","date_gmt":"2020-03-19T03:44:37","guid":{"rendered":"http:\/\/elinformanteperu.com\/?p=66589"},"modified":"2020-03-18T22:44:37","modified_gmt":"2020-03-19T03:44:37","slug":"congreso-oficializan-tres-legislaturas-hasta-julio-de-2021","status":"publish","type":"post","link":"https:\/\/elinformanteperu.com\/index.php\/2020\/03\/18\/congreso-oficializan-tres-legislaturas-hasta-julio-de-2021\/","title":{"rendered":"Congreso: oficializan tres legislaturas hasta julio de 2021"},"content":{"rendered":"<p><strong><span style=\"color: #000000;\">El Congreso de la Rep\u00fablica oficializ\u00f3 que habr\u00e1 tres periodos ordinarios de sesiones o legislaturas hasta julio de 2021.<\/span><\/strong><\/p>\n<p><span style=\"color: #000000;\"><strong>Lima, 18 Marzo 2020, (ANDINA).-<\/strong> El Congreso de la Rep\u00fablica oficializ\u00f3 que habr\u00e1 tres periodos ordinarios de sesiones o legislaturas hasta julio de 2021.<\/span><\/p>\n<p><span style=\"color: #000000;\">De acuerdo con la Resoluci\u00f3n Legislativa del Congreso 001-2020-2021-CR, publicada hoy en el Bolet\u00edn de Normas Legales del Diario Oficial El Peruano, la primera inici\u00f3 en la v\u00edspera y terminar\u00e1 el pr\u00f3ximo 26 de junio.<\/span><\/p>\n<p><span style=\"color: #000000;\">La segunda legislatura empezar\u00e1 el 6 de julio y concluir\u00e1 el 18 de diciembre de 2020; la tercera y \u00faltima legislatura iniciar\u00e1 el 1 de febrero de 2021 y terminar\u00e1 el 16 de julio de ese a\u00f1o.<\/span><\/p>\n<p><span style=\"color: #000000;\">La resoluci\u00f3n lleva la r\u00fabrica del presidente del Parlamento, Manuel Merino de Lama, y del primer vicepresidente del Legislativo, Luis Vald\u00e9z Far\u00edas.<\/span><\/p>\n<p><span style=\"color: #000000;\">El \u00faltimo lunes, juramentaron los parlamentarios que completar\u00e1n el periodo legislativo 2016 &#8211; 2021 en una ceremonia privada en prevenci\u00f3n al coronavirus.<\/span><\/p>\n<p><span style=\"color: #000000;\">Manuel Merino, de Acci\u00f3n Popular, fue elegido nuevo presidente del Congreso, despu\u00e9s de que la lista liderada por \u00e9l ganara por mayor\u00eda.<\/span><\/p>\n","protected":false},"excerpt":{"rendered":"<p>El Congreso de la Rep\u00fablica oficializ\u00f3 que habr\u00e1 tres periodos ordinarios de sesiones o legislaturas hasta julio de 2021. Lima, 18 Marzo 2020, (ANDINA).- El Congreso de la Rep\u00fablica oficializ\u00f3 que habr\u00e1 tres periodos ordinarios de sesiones o legislaturas hasta julio de 2021. De acuerdo con la Resoluci\u00f3n Legislativa del Congreso 001-2020-2021-CR, publicada hoy en [&hellip;]<\/p>\n","protected":false},"author":1,"featured_media":49547,"comment_status":"open","ping_status":"open","sticky":false,"template":"","format":"standard","meta":{"rop_custom_images_group":[],"rop_custom_messages_group":[],"rop_publish_now":"initial","rop_publish_now_accounts":[],"rop_publish_now_history":[],"rop_publish_now_status":"pending","footnotes":""},"categories":[5],"tags":[192],"class_list":["post-66589","post","type-post","status-publish","format-standard","has-post-thumbnail","hentry","category-actualidad-informativa","tag-congreso"],"_links":{"self":[{"href":"https:\/\/elinformanteperu.com\/index.php\/wp-json\/wp\/v2\/posts\/66589","targetHints":{"allow":["GET"]}}],"collection":[{"href":"https:\/\/elinformanteperu.com\/index.php\/wp-json\/wp\/v2\/posts"}],"about":[{"href":"https:\/\/elinformanteperu.com\/index.php\/wp-json\/wp\/v2\/types\/post"}],"author":[{"embeddable":true,"href":"https:\/\/elinformanteperu.com\/index.php\/wp-json\/wp\/v2\/users\/1"}],"replies":[{"embeddable":true,"href":"https:\/\/elinformanteperu.com\/index.php\/wp-json\/wp\/v2\/comments?post=66589"}],"version-history":[{"count":1,"href":"https:\/\/elinformanteperu.com\/index.php\/wp-json\/wp\/v2\/posts\/66589\/revisions"}],"predecessor-version":[{"id":66590,"href":"https:\/\/elinformanteperu.com\/index.php\/wp-json\/wp\/v2\/posts\/66589\/revisions\/66590"}],"wp:featuredmedia":[{"embeddable":true,"href":"https:\/\/elinformanteperu.com\/index.php\/wp-json\/wp\/v2\/media\/49547"}],"wp:attachment":[{"href":"https:\/\/elinformanteperu.com\/index.php\/wp-json\/wp\/v2\/media?parent=66589"}],"wp:term":[{"taxonomy":"category","embeddable":true,"href":"https:\/\/elinformanteperu.com\/index.php\/wp-json\/wp\/v2\/categories?post=66589"},{"taxonomy":"post_tag","embeddable":true,"href":"https:\/\/elinformanteperu.com\/index.php\/wp-json\/wp\/v2\/tags?post=66589"}],"curies":[{"name":"wp","href":"https:\/\/api.w.org\/{rel}","templated":true}]}}