{"id":66584,"date":"2020-03-18T22:33:16","date_gmt":"2020-03-19T03:33:16","guid":{"rendered":"http:\/\/elinformanteperu.com\/?p=66584"},"modified":"2020-03-18T22:33:16","modified_gmt":"2020-03-19T03:33:16","slug":"sunat-aprueba-conjunto-de-medidas-para-dar-liquidez-y-facilidades-a-contribuyentes","status":"publish","type":"post","link":"https:\/\/elinformanteperu.com\/index.php\/2020\/03\/18\/sunat-aprueba-conjunto-de-medidas-para-dar-liquidez-y-facilidades-a-contribuyentes\/","title":{"rendered":"Sunat aprueba conjunto de medidas para dar liquidez y facilidades a contribuyentes"},"content":{"rendered":"<p><strong><span style=\"color: #000000;\">La Sunat anunci\u00f3 la implementaci\u00f3n de un conjunto de medidas para dar mayor liquidez y facilidades a todos los contribuyentes.<\/span><\/strong><\/p>\n<p><span style=\"color: #000000;\"><strong>Lima, 18 Marzo 2020, (ANDINA).-<\/strong> La Superintendencia Nacional de Aduanas y Administraci\u00f3n Tributaria (Sunat) anunci\u00f3 la implementaci\u00f3n de un conjunto de medidas para dar mayor liquidez y facilidades a todos los contribuyentes en el actual contexto del Estado de Emergencia Nacional por la pandemia del coronavirus.<\/span><\/p>\n<p><span style=\"color: #000000;\">Se\u00f1al\u00f3 que estas comprenden el adelanto de la liberaci\u00f3n de los fondos de detracciones, la discrecionalidad para la aplicaci\u00f3n de sanciones y la flexibilizaci\u00f3n del fraccionamiento de las deudas tributarias.<\/span><\/p>\n<p><span style=\"color: #000000;\">Respecto a la primera medida, la Sunat dar\u00e1 a todas las empresas la posibilidad de adelantar la liberaci\u00f3n de los fondos de sus cuentas de detracciones, con la finalidad que cuenten con mayores recursos para afrontar esta emergencia.<\/span><\/p>\n<p><span style=\"color: #000000;\">De esta manera, las empresas ya no tendr\u00e1n que esperar los primeros cinco d\u00edas \u00fatiles de abril para solicitar la liberaci\u00f3n de esos fondos, sino que podr\u00e1n hacerlo a partir del lunes 23 de marzo; accediendo a los fondos acumulados hasta el 15 de marzo.<\/span><\/p>\n<p><span style=\"color: #000000;\">Los contribuyentes que soliciten la liberaci\u00f3n con abono en sus cuentas bancarias podr\u00e1n acceder a esos fondos de manera m\u00e1s oportuna.<\/span><\/p>\n<p><strong><span style=\"color: #000000;\">Facultad discrecional y fraccionamiento<\/span><\/strong><\/p>\n<p><span style=\"color: #000000;\">La Sunat tambi\u00e9n dispuso el uso de su facultad discrecional para no aplicar sanciones por incumplimientos de las obligaciones tributarias formales, que se originen durante este periodo de emergencia.<\/span><\/p>\n<p><span style=\"color: #000000;\">La facultad discrecional implica la potestad de la Administraci\u00f3n Tributaria, estipulada en el C\u00f3digo Tributario, de ejercer su criterio sobre una situaci\u00f3n determinada en base a los criterios de inter\u00e9s p\u00fablico y el marco jur\u00eddico constitucional vigente.<\/span><\/p>\n<p><span style=\"color: #000000;\">Respecto al fraccionamiento, la Sunat estableci\u00f3 que los contribuyentes que por la actual situaci\u00f3n de emergencia se vean impedidos de pagar la cuota correspondiente al mes de marzo, no pierdan el fraccionamiento de sus deudas tributarias.<\/span><\/p>\n<p><span style=\"color: #000000;\">Tambi\u00e9n, la obligaci\u00f3n de presentar libros electr\u00f3nicos (libro de inventarios y balances, registro de activos fijos, registro de costos, entre otros) se posterga por el periodo de un mes.<\/span><\/p>\n<p><span style=\"color: #000000;\">El \u00faltimo lunes, la Sunat aplaz\u00f3 por tres meses el plazo de vencimientos de la Declaraci\u00f3n Anual del Impuesto a la Renta 2019; tambi\u00e9n prorrog\u00f3 la declaraci\u00f3n jurada mensual de febrero 2020, entre otras medidas dirigidas a las MiPymes.<\/span><\/p>\n","protected":false},"excerpt":{"rendered":"<p>La Sunat anunci\u00f3 la implementaci\u00f3n de un conjunto de medidas para dar mayor liquidez y facilidades a todos los contribuyentes. Lima, 18 Marzo 2020, (ANDINA).- La Superintendencia Nacional de Aduanas y Administraci\u00f3n Tributaria (Sunat) anunci\u00f3 la implementaci\u00f3n de un conjunto de medidas para dar mayor liquidez y facilidades a todos los contribuyentes en el actual [&hellip;]<\/p>\n","protected":false},"author":1,"featured_media":45778,"comment_status":"open","ping_status":"open","sticky":false,"template":"","format":"standard","meta":{"rop_custom_images_group":[],"rop_custom_messages_group":[],"rop_publish_now":"initial","rop_publish_now_accounts":[],"rop_publish_now_history":[],"rop_publish_now_status":"pending","footnotes":""},"categories":[10],"tags":[5236,5364,5374,425],"class_list":["post-66584","post","type-post","status-publish","format-standard","has-post-thumbnail","hentry","category-actualidad-municipal","tag-coronavirus","tag-covid-19","tag-peru-estado-de-emergencia","tag-sunat"],"_links":{"self":[{"href":"https:\/\/elinformanteperu.com\/index.php\/wp-json\/wp\/v2\/posts\/66584","targetHints":{"allow":["GET"]}}],"collection":[{"href":"https:\/\/elinformanteperu.com\/index.php\/wp-json\/wp\/v2\/posts"}],"about":[{"href":"https:\/\/elinformanteperu.com\/index.php\/wp-json\/wp\/v2\/types\/post"}],"author":[{"embeddable":true,"href":"https:\/\/elinformanteperu.com\/index.php\/wp-json\/wp\/v2\/users\/1"}],"replies":[{"embeddable":true,"href":"https:\/\/elinformanteperu.com\/index.php\/wp-json\/wp\/v2\/comments?post=66584"}],"version-history":[{"count":1,"href":"https:\/\/elinformanteperu.com\/index.php\/wp-json\/wp\/v2\/posts\/66584\/revisions"}],"predecessor-version":[{"id":66585,"href":"https:\/\/elinformanteperu.com\/index.php\/wp-json\/wp\/v2\/posts\/66584\/revisions\/66585"}],"wp:featuredmedia":[{"embeddable":true,"href":"https:\/\/elinformanteperu.com\/index.php\/wp-json\/wp\/v2\/media\/45778"}],"wp:attachment":[{"href":"https:\/\/elinformanteperu.com\/index.php\/wp-json\/wp\/v2\/media?parent=66584"}],"wp:term":[{"taxonomy":"category","embeddable":true,"href":"https:\/\/elinformanteperu.com\/index.php\/wp-json\/wp\/v2\/categories?post=66584"},{"taxonomy":"post_tag","embeddable":true,"href":"https:\/\/elinformanteperu.com\/index.php\/wp-json\/wp\/v2\/tags?post=66584"}],"curies":[{"name":"wp","href":"https:\/\/api.w.org\/{rel}","templated":true}]}}