{"id":66577,"date":"2020-03-18T21:53:04","date_gmt":"2020-03-19T02:53:04","guid":{"rendered":"http:\/\/elinformanteperu.com\/?p=66577"},"modified":"2020-03-18T22:13:12","modified_gmt":"2020-03-19T03:13:12","slug":"pago-de-recibos-de-agua-de-marzo-se-postergara-y-prorrateara-en-12-meses","status":"publish","type":"post","link":"https:\/\/elinformanteperu.com\/index.php\/2020\/03\/18\/pago-de-recibos-de-agua-de-marzo-se-postergara-y-prorrateara-en-12-meses\/","title":{"rendered":"Pago de recibos de agua de marzo se postergar\u00e1 y prorratear\u00e1 en 12 meses"},"content":{"rendered":"<p><strong><span style=\"color: #000000;\">El ministro de Vivienda anunci\u00f3 que, con motivo del Estado de Emergencia Nacional, los recibos de agua correspondientes al mes de marzo se postergar\u00e1n.<\/span><\/strong><\/p>\n<p><span style=\"color: #000000;\"><strong>Lima, 18 Marzo 2020, (El informante Per\u00fa).-<\/strong> El ministro de Vivienda, Construcci\u00f3n y Saneamiento, Rodolfo Y\u00e1\u00f1ez, anunci\u00f3 que, con motivo del Estado de Emergencia Nacional decretado por el coronavirus, los recibos de agua correspondientes al mes de marzo se postergar\u00e1n y se prorratear\u00e1n durante 12 meses.<\/span><\/p>\n<p><span style=\"color: #000000;\">Indic\u00f3 que esta medida no solo ser\u00e1 adoptada por Sedapal, empresa p\u00fablica adscrita al Ministerio de Vivienda, Construcci\u00f3n y Saneamiento (MVCS), sino que tambi\u00e9n se aplicar\u00e1 para las empresas prestadoras de servicio de saneamiento (EPS) que funcionan a nivel nacional.<\/span><\/p>\n<p><span style=\"color: #000000;\">\u201cA nivel nacional, el se\u00f1or presidente [Mart\u00edn Vizcarra] ha decidido que los recibos se prorrateen en los pr\u00f3ximos 12 meses. Esa decisi\u00f3n se ha tomado para que todos los usuarios no paguen el mes de marzo y el consumo de marzo sea prorrateado en los pr\u00f3ximos 12 meses\u201d, dijo en declaraciones a TV Per\u00fa.<\/span><\/p>\n<p><span style=\"color: #000000;\">Asimismo, se\u00f1al\u00f3 que el MVCS se encuentra elaborando un dispositivo legal que viabilice esta medida, que tiene como fin garantizar el agua potable para todos los hogares peruanos y que no se corte el servicio de agua por retrasos en los pagos mientras dure el Estado de Emergencia Nacional.<\/span><\/p>\n<p><span style=\"color: #000000;\">En la actualidad, adem\u00e1s de Sedapal, existen 49 EPS en todo el Per\u00fa. Treinta de ellas son gestionadas por municipios provinciales; otras 18 y la unidad ejecutora Agua Tumbes se encuentran administradas, a trav\u00e9s del R\u00e9gimen de Apoyo Transitorio (RAT), por el Organismo T\u00e9cnico de la Administraci\u00f3n de los Servicios de Saneamiento (OTASS), organismo adscrito al MVCS.<\/span><\/p>\n","protected":false},"excerpt":{"rendered":"<p>El ministro de Vivienda anunci\u00f3 que, con motivo del Estado de Emergencia Nacional, los recibos de agua correspondientes al mes de marzo se postergar\u00e1n. Lima, 18 Marzo 2020, (El informante Per\u00fa).- El ministro de Vivienda, Construcci\u00f3n y Saneamiento, Rodolfo Y\u00e1\u00f1ez, anunci\u00f3 que, con motivo del Estado de Emergencia Nacional decretado por el coronavirus, los recibos [&hellip;]<\/p>\n","protected":false},"author":1,"featured_media":65963,"comment_status":"open","ping_status":"open","sticky":false,"template":"","format":"standard","meta":{"rop_custom_images_group":[],"rop_custom_messages_group":[],"rop_publish_now":"initial","rop_publish_now_accounts":[],"rop_publish_now_history":[],"rop_publish_now_status":"pending","footnotes":""},"categories":[10],"tags":[5236,5364,1557,642],"class_list":["post-66577","post","type-post","status-publish","format-standard","has-post-thumbnail","hentry","category-actualidad-municipal","tag-coronavirus","tag-covid-19","tag-ministerio-de-vivienda","tag-sedapal"],"_links":{"self":[{"href":"https:\/\/elinformanteperu.com\/index.php\/wp-json\/wp\/v2\/posts\/66577","targetHints":{"allow":["GET"]}}],"collection":[{"href":"https:\/\/elinformanteperu.com\/index.php\/wp-json\/wp\/v2\/posts"}],"about":[{"href":"https:\/\/elinformanteperu.com\/index.php\/wp-json\/wp\/v2\/types\/post"}],"author":[{"embeddable":true,"href":"https:\/\/elinformanteperu.com\/index.php\/wp-json\/wp\/v2\/users\/1"}],"replies":[{"embeddable":true,"href":"https:\/\/elinformanteperu.com\/index.php\/wp-json\/wp\/v2\/comments?post=66577"}],"version-history":[{"count":3,"href":"https:\/\/elinformanteperu.com\/index.php\/wp-json\/wp\/v2\/posts\/66577\/revisions"}],"predecessor-version":[{"id":66580,"href":"https:\/\/elinformanteperu.com\/index.php\/wp-json\/wp\/v2\/posts\/66577\/revisions\/66580"}],"wp:featuredmedia":[{"embeddable":true,"href":"https:\/\/elinformanteperu.com\/index.php\/wp-json\/wp\/v2\/media\/65963"}],"wp:attachment":[{"href":"https:\/\/elinformanteperu.com\/index.php\/wp-json\/wp\/v2\/media?parent=66577"}],"wp:term":[{"taxonomy":"category","embeddable":true,"href":"https:\/\/elinformanteperu.com\/index.php\/wp-json\/wp\/v2\/categories?post=66577"},{"taxonomy":"post_tag","embeddable":true,"href":"https:\/\/elinformanteperu.com\/index.php\/wp-json\/wp\/v2\/tags?post=66577"}],"curies":[{"name":"wp","href":"https:\/\/api.w.org\/{rel}","templated":true}]}}