{"id":66568,"date":"2020-03-18T21:45:43","date_gmt":"2020-03-19T02:45:43","guid":{"rendered":"http:\/\/elinformanteperu.com\/?p=66568"},"modified":"2020-03-18T21:45:43","modified_gmt":"2020-03-19T02:45:43","slug":"denunciaran-a-quienes-tramiten-pase-de-transito-sin-trabajar-en-actividades-esenciales","status":"publish","type":"post","link":"https:\/\/elinformanteperu.com\/index.php\/2020\/03\/18\/denunciaran-a-quienes-tramiten-pase-de-transito-sin-trabajar-en-actividades-esenciales\/","title":{"rendered":"Denunciar\u00e1n a quienes tramiten pase de tr\u00e1nsito sin trabajar en actividades esenciales"},"content":{"rendered":"<p><strong><span style=\"color: #000000;\">Las personas que tramiten el Pase Especial de Tr\u00e1nsito sin estar dedicadas a la prestaci\u00f3n y acceso a bienes y\/o servicios esenciales ser\u00e1n detenidas y denunciadas.<\/span><\/strong><\/p>\n<p><span style=\"color: #000000;\"><strong>Lima, 18 Marzo 2020, (ANDINA).-<\/strong> Las personas que tramiten el Pase Especial de Tr\u00e1nsito sin estar dedicadas a la prestaci\u00f3n y acceso a bienes y\/o servicios esenciales ser\u00e1n detenidas y denunciadas por el delito contra la fe p\u00fablica, en el marco del estado de emergencia nacional.<\/span><\/p>\n<p><span style=\"color: #000000;\">As\u00ed lo establece el Protocolo para la implementaci\u00f3n de las medidas que garanticen el ejercicio excepcional de la libertad de tr\u00e1nsito, en el marco de las restricciones dispuestas por el Gobierno para frenar el avance del coronavirus en el Per\u00fa.<\/span><\/p>\n<p><span style=\"color: #000000;\">El protocolo, aprobado con una norma publicada en las normas legales del diario oficial El Peruano, busca garantizar un adecuado control de las personas que, durante la actual cuarentena, se desplacen para cumplir con sus actividades vinculadas a rubros esenciales.<\/span><\/p>\n<p><span style=\"color: #000000;\">Con este instrumento, la Polic\u00eda Nacional del Per\u00fa y las Fuerzas Armadas podr\u00e1n operativizar lo dispuesto en el marco de las restricciones vigentes, tales como el aislamiento social obligatorio de la poblaci\u00f3n y el uso del Pase Especial de Tr\u00e1nsito.<\/span><\/p>\n<p><span style=\"color: #000000;\">Para obtener este pase especial, las personas que lo requieran deber\u00e1n registrar sus datos personales en el portal web de la Polic\u00eda Nacional del Per\u00fa y en la Plataforma Digital \u00danica del Estado Peruano.<\/span><\/p>\n<p><span style=\"color: #000000;\">Dicha informaci\u00f3n tiene calidad de declaraci\u00f3n jurada, por lo que goza de presunci\u00f3n de veracidad e implica la generaci\u00f3n de una notificaci\u00f3n policial de validez, que ser\u00e1 enviada por medios digitales al solicitante, generando as\u00ed el Pase Especial de Tr\u00e1nsito.<\/span><\/p>\n<p><span style=\"color: #000000;\">Este pase tiene una vigencia m\u00e1xima de 15 d\u00edas calendario y quienes lo obtengan deber\u00e1n portar la impresi\u00f3n o la captura de imagen del mencionado documento, adem\u00e1s de su Documento Nacional de Identidad (DNI) para efectos de la verificaci\u00f3n policial.<\/span><\/p>\n<p><span style=\"color: #000000;\">Asimismo, al momento de la intervenci\u00f3n, el personal policial cotejar\u00e1 la informaci\u00f3n contenida en el Pase Especial de Tr\u00e1nsito con los datos del DNI, adem\u00e1s del fotocheck otorgado por la entidad p\u00fablica o privada vinculada a los rubros de car\u00e1cter esencial.<\/span><\/p>\n<p><span style=\"color: #000000;\">La Polic\u00eda Nacional y la Fuerza Armada podr\u00e1n solicitar documentaci\u00f3n adicional a los portadores de los pases, en el caso lo considerase necesario.<\/span><\/p>\n<p><span style=\"color: #000000;\">Entre las personas que podr\u00e1n circular con este pase especial figuran aquellas que trabajan en los rubros de productos de subsistencia, farmacias, servicios b\u00e1sicos, energ\u00eda, centros de salud, hoteles solo para efectos de la cuarentena, prensa, bancos, limpieza, telecomunicaciones, entre otros.<\/span><\/p>\n","protected":false},"excerpt":{"rendered":"<p>Las personas que tramiten el Pase Especial de Tr\u00e1nsito sin estar dedicadas a la prestaci\u00f3n y acceso a bienes y\/o servicios esenciales ser\u00e1n detenidas y denunciadas. Lima, 18 Marzo 2020, (ANDINA).- Las personas que tramiten el Pase Especial de Tr\u00e1nsito sin estar dedicadas a la prestaci\u00f3n y acceso a bienes y\/o servicios esenciales ser\u00e1n detenidas [&hellip;]<\/p>\n","protected":false},"author":1,"featured_media":66569,"comment_status":"open","ping_status":"open","sticky":false,"template":"","format":"standard","meta":{"rop_custom_images_group":[],"rop_custom_messages_group":[],"rop_publish_now":"initial","rop_publish_now_accounts":[],"rop_publish_now_history":[],"rop_publish_now_status":"pending","footnotes":""},"categories":[10],"tags":[5236,5364,5374],"class_list":["post-66568","post","type-post","status-publish","format-standard","has-post-thumbnail","hentry","category-actualidad-municipal","tag-coronavirus","tag-covid-19","tag-peru-estado-de-emergencia"],"_links":{"self":[{"href":"https:\/\/elinformanteperu.com\/index.php\/wp-json\/wp\/v2\/posts\/66568","targetHints":{"allow":["GET"]}}],"collection":[{"href":"https:\/\/elinformanteperu.com\/index.php\/wp-json\/wp\/v2\/posts"}],"about":[{"href":"https:\/\/elinformanteperu.com\/index.php\/wp-json\/wp\/v2\/types\/post"}],"author":[{"embeddable":true,"href":"https:\/\/elinformanteperu.com\/index.php\/wp-json\/wp\/v2\/users\/1"}],"replies":[{"embeddable":true,"href":"https:\/\/elinformanteperu.com\/index.php\/wp-json\/wp\/v2\/comments?post=66568"}],"version-history":[{"count":1,"href":"https:\/\/elinformanteperu.com\/index.php\/wp-json\/wp\/v2\/posts\/66568\/revisions"}],"predecessor-version":[{"id":66570,"href":"https:\/\/elinformanteperu.com\/index.php\/wp-json\/wp\/v2\/posts\/66568\/revisions\/66570"}],"wp:featuredmedia":[{"embeddable":true,"href":"https:\/\/elinformanteperu.com\/index.php\/wp-json\/wp\/v2\/media\/66569"}],"wp:attachment":[{"href":"https:\/\/elinformanteperu.com\/index.php\/wp-json\/wp\/v2\/media?parent=66568"}],"wp:term":[{"taxonomy":"category","embeddable":true,"href":"https:\/\/elinformanteperu.com\/index.php\/wp-json\/wp\/v2\/categories?post=66568"},{"taxonomy":"post_tag","embeddable":true,"href":"https:\/\/elinformanteperu.com\/index.php\/wp-json\/wp\/v2\/tags?post=66568"}],"curies":[{"name":"wp","href":"https:\/\/api.w.org\/{rel}","templated":true}]}}