{"id":66565,"date":"2020-03-18T21:42:36","date_gmt":"2020-03-19T02:42:36","guid":{"rendered":"http:\/\/elinformanteperu.com\/?p=66565"},"modified":"2020-03-18T21:42:36","modified_gmt":"2020-03-19T02:42:36","slug":"sedapal-no-habra-cortes-de-agua-durante-estado-de-emergencia","status":"publish","type":"post","link":"https:\/\/elinformanteperu.com\/index.php\/2020\/03\/18\/sedapal-no-habra-cortes-de-agua-durante-estado-de-emergencia\/","title":{"rendered":"Sedapal: no habr\u00e1 cortes de agua durante estado de emergencia"},"content":{"rendered":"<p><strong><span style=\"color: #000000;\">A trav\u00e9s de un comunicado, Sedapal inform\u00f3 que mientras dure la emergencia decretada por el gobierno para controlar el avance del coronavirus se suspenden los cortes del servicio de agua potable.<\/span><\/strong><\/p>\n<p><span style=\"color: #000000;\"><strong>Lima, 18 Marzo 2020, (ANDINA).-<\/strong> A trav\u00e9s de un comunicado, Sedapal inform\u00f3 que mientras dure la emergencia decretada por el gobierno para controlar el avance del coronavirus se suspenden los cortes del servicio de agua potable programados por trabajos de mantenimiento y mejoramiento.<\/span><\/p>\n<p><span style=\"color: #000000;\">Tampoco habr\u00e1 corte del servicio por falta de pago a los clientes que acumulen dos recibos vencidos de consumo o una cuota vencida de convenio.<\/span><\/p>\n<p><span style=\"color: #000000;\">Sedapal ofrece los siguientes canales de atenci\u00f3n, para cualquier duda o consulta de los usuarios:<\/span><\/p>\n<p><span style=\"color: #000000;\">-Aquafono y WathsApp 01317-8000 prioritariamente para emergencia operativas como aniegos falta de tapa de buz\u00f3n robo de medidores hidratantes en mal estado u obras inconclusas<\/span><\/p>\n<p><span style=\"color: #000000;\">-Aquanet, oficina virtual (https:\/\/webapp16.sedapal.com.pe\/socv\/#\/iniciar-sesion) para consultar el recibo y pagarlo en l\u00ednea sin salir de casa.<\/span><\/p>\n<p><span style=\"color: #000000;\">Redes sociales (Facebbok y Twitter) para realizar todo tipo de consultas comerciales y operativas.<\/span><\/p>\n<p><span style=\"color: #000000;\">Esta ma\u00f1ana el ministro de Vivienda, Construcci\u00f3n y Saneamiento, Rodolfo Y\u00e1\u00f1ez, anunci\u00f3 que el Gobierno postergar\u00e1 el pago del servicio de agua potable de marzo que brindan la empresa Sedapal en Lima y de las Entidades Prestadoras de Saneamiento (EPS) en provincias.<\/span><\/p>\n<p><span style=\"color: #000000;\">El titular de Vivienda afirm\u00f3 que se decidi\u00f3 con Sedapal la postergaci\u00f3n del recibo de agua que pagan sus usuarios debido al estado de emergencia decretado por el Gobierno para evitar la propagaci\u00f3n del coronavirus (Covid-19).<\/span><\/p>\n","protected":false},"excerpt":{"rendered":"<p>A trav\u00e9s de un comunicado, Sedapal inform\u00f3 que mientras dure la emergencia decretada por el gobierno para controlar el avance del coronavirus se suspenden los cortes del servicio de agua potable. Lima, 18 Marzo 2020, (ANDINA).- A trav\u00e9s de un comunicado, Sedapal inform\u00f3 que mientras dure la emergencia decretada por el gobierno para controlar el [&hellip;]<\/p>\n","protected":false},"author":1,"featured_media":66566,"comment_status":"open","ping_status":"open","sticky":false,"template":"","format":"standard","meta":{"rop_custom_images_group":[],"rop_custom_messages_group":[],"rop_publish_now":"initial","rop_publish_now_accounts":[],"rop_publish_now_history":[],"rop_publish_now_status":"pending","footnotes":""},"categories":[10],"tags":[5236,5364,642],"class_list":["post-66565","post","type-post","status-publish","format-standard","has-post-thumbnail","hentry","category-actualidad-municipal","tag-coronavirus","tag-covid-19","tag-sedapal"],"_links":{"self":[{"href":"https:\/\/elinformanteperu.com\/index.php\/wp-json\/wp\/v2\/posts\/66565","targetHints":{"allow":["GET"]}}],"collection":[{"href":"https:\/\/elinformanteperu.com\/index.php\/wp-json\/wp\/v2\/posts"}],"about":[{"href":"https:\/\/elinformanteperu.com\/index.php\/wp-json\/wp\/v2\/types\/post"}],"author":[{"embeddable":true,"href":"https:\/\/elinformanteperu.com\/index.php\/wp-json\/wp\/v2\/users\/1"}],"replies":[{"embeddable":true,"href":"https:\/\/elinformanteperu.com\/index.php\/wp-json\/wp\/v2\/comments?post=66565"}],"version-history":[{"count":1,"href":"https:\/\/elinformanteperu.com\/index.php\/wp-json\/wp\/v2\/posts\/66565\/revisions"}],"predecessor-version":[{"id":66567,"href":"https:\/\/elinformanteperu.com\/index.php\/wp-json\/wp\/v2\/posts\/66565\/revisions\/66567"}],"wp:featuredmedia":[{"embeddable":true,"href":"https:\/\/elinformanteperu.com\/index.php\/wp-json\/wp\/v2\/media\/66566"}],"wp:attachment":[{"href":"https:\/\/elinformanteperu.com\/index.php\/wp-json\/wp\/v2\/media?parent=66565"}],"wp:term":[{"taxonomy":"category","embeddable":true,"href":"https:\/\/elinformanteperu.com\/index.php\/wp-json\/wp\/v2\/categories?post=66565"},{"taxonomy":"post_tag","embeddable":true,"href":"https:\/\/elinformanteperu.com\/index.php\/wp-json\/wp\/v2\/tags?post=66565"}],"curies":[{"name":"wp","href":"https:\/\/api.w.org\/{rel}","templated":true}]}}