{"id":66559,"date":"2020-03-18T19:50:22","date_gmt":"2020-03-19T00:50:22","guid":{"rendered":"http:\/\/elinformanteperu.com\/?p=66559"},"modified":"2020-03-18T19:50:22","modified_gmt":"2020-03-19T00:50:22","slug":"afiliados-sis-pueden-atenderse-en-cualquier-establecimiento-de-salud-durante-estado-de-emergencia","status":"publish","type":"post","link":"https:\/\/elinformanteperu.com\/index.php\/2020\/03\/18\/afiliados-sis-pueden-atenderse-en-cualquier-establecimiento-de-salud-durante-estado-de-emergencia\/","title":{"rendered":"Afiliados SIS pueden atenderse en cualquier establecimiento de salud durante Estado de Emergencia"},"content":{"rendered":"<p><strong><span style=\"color: #000000;\">Se ha suspendido la adscripci\u00f3n temporalmente y los asegurados no est\u00e1n obligados a acudir al centro o puesto de salud asignados, pero s\u00ed a respetar el aislamiento social obligatorio.<\/span><\/strong><\/p>\n<p><span style=\"color: #000000;\"><strong>Lima, 18 Marzo 2020, (El Informante Per\u00fa).-<\/strong> Concordante con el Estado de Emergencia Nacional declarado por el Gobierno, el Seguro Integral de Salud dispuso que sus afiliados pueden recibir sus prestaciones en salud en cualquier establecimiento de primer nivel del pa\u00eds cuando el caso amerite una atenci\u00f3n m\u00e9dica urgente.<\/span><\/p>\n<p><span style=\"color: #000000;\">Lo normal es que acudan al centro o puesto de salud que se les asign\u00f3 al momento de afiliarse que, normalmente, es el m\u00e1s cercano a su domicilio. Sin embargo, con esta medida se rompe la adscripci\u00f3n y todo afiliado al SIS puede atenderse en cualquier establecimiento de salud del primer nivel de atenci\u00f3n en todo el territorio nacional.<\/span><\/p>\n<p><span style=\"color: #000000;\">Tambi\u00e9n se dispuso el incremento temporal de los topes m\u00e1ximos del registro de medicamentos para pacientes no hospitalizados, a fin de facilitar la entrega de medicinas en los establecimientos de salud hasta para 120 d\u00edas, a los asegurados que tienen tratamientos cr\u00f3nicos.<\/span><\/p>\n<p><span style=\"color: #000000;\">Para ello se ha establecido que esta ampliaci\u00f3n del tope se har\u00e1 en base a la \u00faltima receta del paciente cr\u00f3nico afiliado al SIS. La entrega se har\u00e1 en sus domicilios y no ser\u00e1 necesario que vayan a recoger las medicinas a su establecimiento asignado, en acatamiento al aislamiento social obligatorio y la inamovilidad general decretada por el Gobierno.<\/span><\/p>\n<p><strong><span style=\"color: #000000;\">SIS garantiza atenci\u00f3n por coronavirus<\/span><\/strong><\/p>\n<p><span style=\"color: #000000;\">El Seguro Integral de Salud (SIS) reitera que est\u00e1 garantizada la atenci\u00f3n m\u00e9dica gratuita para sus afiliados que sufran afecciones ocasionadas por el coronavirus (Covid 19), que van desde un simple resfriado hasta graves infecciones respiratorias, como la neumon\u00eda.<\/span><\/p>\n<p><span style=\"color: #000000;\">Para informarse del Coronavirus \u2013 COVID 19 debe llamar a la l\u00ednea gratuita 113 desde cualquier operador de telefon\u00eda fija o m\u00f3vil, escribir al WhatsApp 952842623 o al correo <strong>infosalud@minsa.gob.pe<\/strong>, las 24 horas del d\u00eda.<\/span><\/p>\n<p><span style=\"color: #000000;\">Si deseas informaci\u00f3n sobre afiliaci\u00f3n al SIS, comun\u00edcate a la central telef\u00f3nica 5145555, opci\u00f3n 1, WhatsApp 941986682, correo <strong>sis@sis.gob.pe<\/strong>, las 24 horas del d\u00eda.<\/span><\/p>\n<p><span style=\"color: #000000;\">El Seguro Integral de Salud hace un llamado a la responsabilidad ciudadana para que se siga las recomendaciones del Minsa para evitar el contagio, como son el lavarse las manos frecuentemente, con agua y jab\u00f3n, m\u00ednimo 20 segundos; cubrirse la nariz y boca con el antebrazo o pa\u00f1uelo desechable, al estornudar o toser, entre otras ampliamente difundidas.<\/span><\/p>\n<p><img fetchpriority=\"high\" decoding=\"async\" class=\"aligncenter size-full wp-image-66560\" src=\"http:\/\/elinformanteperu.com\/wp-content\/uploads\/2020\/03\/SIS-atencion-coronavirus.jpg\" alt=\"\" width=\"532\" height=\"464\" srcset=\"https:\/\/elinformanteperu.com\/wp-content\/uploads\/2020\/03\/SIS-atencion-coronavirus.jpg 532w, https:\/\/elinformanteperu.com\/wp-content\/uploads\/2020\/03\/SIS-atencion-coronavirus-300x262.jpg 300w, https:\/\/elinformanteperu.com\/wp-content\/uploads\/2020\/03\/SIS-atencion-coronavirus-128x112.jpg 128w, https:\/\/elinformanteperu.com\/wp-content\/uploads\/2020\/03\/SIS-atencion-coronavirus-32x28.jpg 32w\" sizes=\"(max-width: 532px) 100vw, 532px\" \/><strong><span style=\"color: #000000;\">Establecimientos de salud para casos graves de coronavirus<\/span><\/strong><\/p>\n<p><span style=\"color: #000000;\">Los asegurados SIS que est\u00e9n graves por haber contra\u00eddo el coronavirus pueden acudir a cualquier hospital en el pa\u00eds y recibir\u00e1n cobertura gratuita. Entre los hospitales que prestan esos servicios se encuentran:<\/span><\/p>\n<p><span style=\"color: #000000;\"><strong>En Lima<\/strong> est\u00e1n los hospitales Dos de Mayo, Hip\u00f3lito Unanue, Villa el Salvador, Sergio Bernales y Cayetano Heredia.\u00a0<\/span><span style=\"color: #000000;\"><strong>En Amazonas<\/strong> deben ir al hospital Regional \u201cVirgen de F\u00e1tima\u201d-Chachapoyas; <strong>en \u00c1ncash<\/strong> a los hospitales Eleazar Guzm\u00e1n Barr\u00f3n y V\u00edctor Ramos Guardia\u201d; <strong>Apur\u00edmac,<\/strong> hospital Regional Guillermo D\u00edaz de la Vega; <strong>Arequipa<\/strong>, hospitales Honorio Delgado, Goyeneche, Caman\u00e1, Aplao y \u00c1ngel Chura;<strong> Ayacucho,<\/strong> hospital Regional \u201cMiguel \u00c1ngel Mariscal Llerena\u201d; <strong>Cajamarca,<\/strong> hospitales Regional de Cajamarca, de Ja\u00e9n y Sim\u00f3n Bol\u00edvar.<\/span><\/p>\n<p><span style=\"color: #000000;\"><strong>En el Callao,<\/strong> hospitales Daniel Alcides Carri\u00f3n, de Ventanilla y San Jos\u00e9; <strong>Cusco,<\/strong> hospitales Regional del Cusco y Antonio Lorena; <strong>Huancavelica,<\/strong> Hospital Regional Zacar\u00edas Correa Valdivia; <strong>Hu\u00e1nuco,<\/strong> hospitales Hermilio Valdiz\u00e1n, Tingo Mar\u00eda y centros de salud del Valle, de Llata y La Uni\u00f3n; <strong>Ica,<\/strong> hospitales de Apoyo Palpa, Regional de Ica, Santa Mar\u00eda del Socorro, Ricardo Cruzado Rivarola, San Juan de Dios de Pisco y San Jos\u00e9 de Chincha.<\/span><\/p>\n<p><span style=\"color: #000000;\"><strong>En Jun\u00edn,<\/strong> hospitales Domingo Olavegoya y Regional Docente \u201cDaniel Alcides Carri\u00f3n\u201d, en <strong>La Libertad,<\/strong> hospitales Regional Docente de Trujillo, de Bel\u00e9n de Trujillo, Elpidio Berovides P\u00e9rez, Rosa S\u00e1nchez de Santill\u00e1n, La Fora, Provincial de Vir\u00fa, de Apoyo Chep\u00e9n y Leoncio Prado; <strong>Lambayeque,<\/strong> Hospital Regional Lambayeque y centro de salud Cerropon; <strong>Lima Regi\u00f3n,<\/strong> hospitales de Barranca, General de Huacho, San Juan Bautista de Huaral, de Chancay y SBS \u201cDr. Hidalgo Atoche L\u00f3pez\u201d y Rezola.<\/span><\/p>\n<p><span style=\"color: #000000;\"><strong>En Loreto,<\/strong> hospitales Regional de Loreto y Santa Gema de Yurimaguas; Madre de Dios, hospital Santa Rosa; <strong>Moquegua,<\/strong> hospitales Cuajone de Southern Per\u00fa, SPCC Ilo y II Ilo; <strong>Pasco,<\/strong> hospitales Daniel Alcides Carri\u00f3n Garc\u00eda, Germ\u00e1n Guzm\u00e1n Gonzales y Rom\u00e1n Egoavil Pando;<strong> Piura,<\/strong> Hospital de la Amistad Per\u00fa Corea Santa Rosa; <strong>Puno,<\/strong> hospitales Regional Manuel N\u00fa\u00f1ez Butr\u00f3n y Carlos Monge Medrano.<\/span><\/p>\n<p><span style=\"color: #000000;\"><strong>En San Mart\u00edn,<\/strong> hospitales II-1 Moyobamba, Tarapoto y Tocache; <strong>en Tacna,<\/strong> hospital Hip\u00f3lito Unanue; <strong>en Tumbes,<\/strong> hospital Regional Jamo y Centro de Aislamiento de Campo Amor; <strong>y Ucayali,<\/strong> Hospital Regional de Pucallpa.<\/span><\/p>\n<p><img decoding=\"async\" class=\"aligncenter size-full wp-image-65155\" src=\"http:\/\/elinformanteperu.com\/wp-content\/uploads\/2020\/02\/sis-afiliacion.jpg\" alt=\"\" width=\"1800\" height=\"1200\" srcset=\"https:\/\/elinformanteperu.com\/wp-content\/uploads\/2020\/02\/sis-afiliacion.jpg 1800w, https:\/\/elinformanteperu.com\/wp-content\/uploads\/2020\/02\/sis-afiliacion-300x200.jpg 300w, https:\/\/elinformanteperu.com\/wp-content\/uploads\/2020\/02\/sis-afiliacion-1024x683.jpg 1024w, https:\/\/elinformanteperu.com\/wp-content\/uploads\/2020\/02\/sis-afiliacion-768x512.jpg 768w, https:\/\/elinformanteperu.com\/wp-content\/uploads\/2020\/02\/sis-afiliacion-1536x1024.jpg 1536w, https:\/\/elinformanteperu.com\/wp-content\/uploads\/2020\/02\/sis-afiliacion-128x85.jpg 128w, https:\/\/elinformanteperu.com\/wp-content\/uploads\/2020\/02\/sis-afiliacion-32x21.jpg 32w\" sizes=\"(max-width: 1800px) 100vw, 1800px\" \/><\/p>\n","protected":false},"excerpt":{"rendered":"<p>Se ha suspendido la adscripci\u00f3n temporalmente y los asegurados no est\u00e1n obligados a acudir al centro o puesto de salud asignados, pero s\u00ed a respetar el aislamiento social obligatorio. Lima, 18 Marzo 2020, (El Informante Per\u00fa).- Concordante con el Estado de Emergencia Nacional declarado por el Gobierno, el Seguro Integral de Salud dispuso que sus [&hellip;]<\/p>\n","protected":false},"author":1,"featured_media":59804,"comment_status":"open","ping_status":"open","sticky":false,"template":"","format":"standard","meta":{"rop_custom_images_group":[],"rop_custom_messages_group":[],"rop_publish_now":"initial","rop_publish_now_accounts":[],"rop_publish_now_history":[],"rop_publish_now_status":"pending","footnotes":""},"categories":[10],"tags":[5236,5364,2395,1758],"class_list":["post-66559","post","type-post","status-publish","format-standard","has-post-thumbnail","hentry","category-actualidad-municipal","tag-coronavirus","tag-covid-19","tag-seguro-integral-de-salud","tag-sis"],"_links":{"self":[{"href":"https:\/\/elinformanteperu.com\/index.php\/wp-json\/wp\/v2\/posts\/66559","targetHints":{"allow":["GET"]}}],"collection":[{"href":"https:\/\/elinformanteperu.com\/index.php\/wp-json\/wp\/v2\/posts"}],"about":[{"href":"https:\/\/elinformanteperu.com\/index.php\/wp-json\/wp\/v2\/types\/post"}],"author":[{"embeddable":true,"href":"https:\/\/elinformanteperu.com\/index.php\/wp-json\/wp\/v2\/users\/1"}],"replies":[{"embeddable":true,"href":"https:\/\/elinformanteperu.com\/index.php\/wp-json\/wp\/v2\/comments?post=66559"}],"version-history":[{"count":1,"href":"https:\/\/elinformanteperu.com\/index.php\/wp-json\/wp\/v2\/posts\/66559\/revisions"}],"predecessor-version":[{"id":66561,"href":"https:\/\/elinformanteperu.com\/index.php\/wp-json\/wp\/v2\/posts\/66559\/revisions\/66561"}],"wp:featuredmedia":[{"embeddable":true,"href":"https:\/\/elinformanteperu.com\/index.php\/wp-json\/wp\/v2\/media\/59804"}],"wp:attachment":[{"href":"https:\/\/elinformanteperu.com\/index.php\/wp-json\/wp\/v2\/media?parent=66559"}],"wp:term":[{"taxonomy":"category","embeddable":true,"href":"https:\/\/elinformanteperu.com\/index.php\/wp-json\/wp\/v2\/categories?post=66559"},{"taxonomy":"post_tag","embeddable":true,"href":"https:\/\/elinformanteperu.com\/index.php\/wp-json\/wp\/v2\/tags?post=66559"}],"curies":[{"name":"wp","href":"https:\/\/api.w.org\/{rel}","templated":true}]}}