{"id":66550,"date":"2020-03-18T19:25:43","date_gmt":"2020-03-19T00:25:43","guid":{"rendered":"http:\/\/elinformanteperu.com\/?p=66550"},"modified":"2020-03-18T19:25:43","modified_gmt":"2020-03-19T00:25:43","slug":"autoridades-de-ica-desmienten-segundo-caso-de-coronavirus-en-la-region","status":"publish","type":"post","link":"https:\/\/elinformanteperu.com\/index.php\/2020\/03\/18\/autoridades-de-ica-desmienten-segundo-caso-de-coronavirus-en-la-region\/","title":{"rendered":"Autoridades de Ica desmienten segundo caso de coronavirus en la regi\u00f3n"},"content":{"rendered":"<p><span style=\"color: #000000;\"><strong>La Direcci\u00f3n Regional de Salud (Diresa) de Ica y el Gobierno Regional de Ica desmintieron que en esta regi\u00f3n se habr\u00eda presentado otro caso de coronavirus.<\/strong><\/span><\/p>\n<p><span style=\"color: #000000;\"><strong>Ica, 18 Marzo 2020, (ANDINA).-<\/strong> La Direcci\u00f3n Regional de Salud (Diresa) de Ica y el Gobierno Regional de Ica desmintieron que en esta regi\u00f3n se habr\u00eda presentado otro caso de coronavirus y que el paciente se dio a la fuga, tal como circula en un medio de comunicaci\u00f3n y las redes sociales.<\/span><\/p>\n<p><span style=\"color: #000000;\">El titular de la Diresa Ica, Marco Cabrera Pimentel y el gobernador regional, Javier Gallegos, manifestaron que se ha venido alarmando a la poblaci\u00f3n por parte de irresponsables \u201ccomunicadores sociales\u201d.<\/span><\/p>\n<p><span style=\"color: #000000;\">Por ello, solicitaron a la poblaci\u00f3n no dejarse sorprender y que el Ministerio P\u00fablico debe tomar cartas en el asunto.<\/span><\/p>\n<p><span style=\"color: #000000;\">La autoridad regional refiri\u00f3 que no es posible que se genere p\u00e1nico en la poblaci\u00f3n, cuando se hacen todos los esfuerzos para evitar el avance del coronavirus.<\/span><\/p>\n<p><span style=\"color: #000000;\">En Ica hay solo un caso de coronavirus gracias a las medidas adoptadas, remarc\u00f3 el titular de la Diresa y reiter\u00f3 su invocaci\u00f3n a la ciudadan\u00eda a cumplir con el aislamiento social, ya que el contagio es de persona a persona.<\/span><\/p>\n<p><span style=\"color: #000000;\">En ese contexto, solicit\u00f3 el apoyo del gobernador regional para coordinar con la autoridad policial e impedir la llegada de \u00f3mnibus con pasajeros procedente de Lima, donde los casos superan los 100, anot\u00f3.<\/span><\/p>\n<p><span style=\"color: #000000;\">Cabrera Pimentel exhort\u00f3 nuevamente a la poblaci\u00f3n lavarse bien las manos con abundante agua y jab\u00f3n; no tocarse los ojos, la nariz o la boca con las manos sucias; evitar el contacto con personas que padecen de enfermedades respiratorias; cubrirse la nariz y la boca con el antebrazo flexionado, al estornudar o toser.<\/span><\/p>\n<p><span style=\"color: #000000;\">En relaci\u00f3n a los casos de dengue en Ica, manifest\u00f3 que en esta regi\u00f3n no hay situaciones severas. Tambi\u00e9n precis\u00f3 que la mayor\u00eda de afectados son adultos mayores y se ubican en el distrito de Ica, relacionados al tema de la basura.<\/span><\/p>\n<p><span style=\"color: #000000;\">\u201cSeguiremos interviniendo con el control larvario y la fumigaci\u00f3n\u201d, puntualiz\u00f3.<\/span><\/p>\n","protected":false},"excerpt":{"rendered":"<p>La Direcci\u00f3n Regional de Salud (Diresa) de Ica y el Gobierno Regional de Ica desmintieron que en esta regi\u00f3n se habr\u00eda presentado otro caso de coronavirus. Ica, 18 Marzo 2020, (ANDINA).- La Direcci\u00f3n Regional de Salud (Diresa) de Ica y el Gobierno Regional de Ica desmintieron que en esta regi\u00f3n se habr\u00eda presentado otro caso [&hellip;]<\/p>\n","protected":false},"author":1,"featured_media":66551,"comment_status":"open","ping_status":"open","sticky":false,"template":"","format":"standard","meta":{"rop_custom_images_group":[],"rop_custom_messages_group":[],"rop_publish_now":"initial","rop_publish_now_accounts":[],"rop_publish_now_history":[],"rop_publish_now_status":"pending","footnotes":""},"categories":[10],"tags":[5236,5364,1361],"class_list":["post-66550","post","type-post","status-publish","format-standard","has-post-thumbnail","hentry","category-actualidad-municipal","tag-coronavirus","tag-covid-19","tag-ica"],"_links":{"self":[{"href":"https:\/\/elinformanteperu.com\/index.php\/wp-json\/wp\/v2\/posts\/66550","targetHints":{"allow":["GET"]}}],"collection":[{"href":"https:\/\/elinformanteperu.com\/index.php\/wp-json\/wp\/v2\/posts"}],"about":[{"href":"https:\/\/elinformanteperu.com\/index.php\/wp-json\/wp\/v2\/types\/post"}],"author":[{"embeddable":true,"href":"https:\/\/elinformanteperu.com\/index.php\/wp-json\/wp\/v2\/users\/1"}],"replies":[{"embeddable":true,"href":"https:\/\/elinformanteperu.com\/index.php\/wp-json\/wp\/v2\/comments?post=66550"}],"version-history":[{"count":1,"href":"https:\/\/elinformanteperu.com\/index.php\/wp-json\/wp\/v2\/posts\/66550\/revisions"}],"predecessor-version":[{"id":66552,"href":"https:\/\/elinformanteperu.com\/index.php\/wp-json\/wp\/v2\/posts\/66550\/revisions\/66552"}],"wp:featuredmedia":[{"embeddable":true,"href":"https:\/\/elinformanteperu.com\/index.php\/wp-json\/wp\/v2\/media\/66551"}],"wp:attachment":[{"href":"https:\/\/elinformanteperu.com\/index.php\/wp-json\/wp\/v2\/media?parent=66550"}],"wp:term":[{"taxonomy":"category","embeddable":true,"href":"https:\/\/elinformanteperu.com\/index.php\/wp-json\/wp\/v2\/categories?post=66550"},{"taxonomy":"post_tag","embeddable":true,"href":"https:\/\/elinformanteperu.com\/index.php\/wp-json\/wp\/v2\/tags?post=66550"}],"curies":[{"name":"wp","href":"https:\/\/api.w.org\/{rel}","templated":true}]}}