{"id":66049,"date":"2020-03-12T00:59:23","date_gmt":"2020-03-12T05:59:23","guid":{"rendered":"http:\/\/elinformanteperu.com\/?p=66049"},"modified":"2020-03-12T00:59:23","modified_gmt":"2020-03-12T05:59:23","slug":"suspenden-clases-en-universidad-del-pacifico-por-coronavirus","status":"publish","type":"post","link":"https:\/\/elinformanteperu.com\/index.php\/2020\/03\/12\/suspenden-clases-en-universidad-del-pacifico-por-coronavirus\/","title":{"rendered":"Suspenden clases en Universidad del Pac\u00edfico por coronavirus"},"content":{"rendered":"<p><strong><span style=\"color: #000000;\">La Universidad del Pac\u00edfico decidi\u00f3 suspender del 12 hasta el 29 de marzo todas las actividades lectivas a fin de resguardar la integridad de la comunidad universitaria.<\/span><\/strong><\/p>\n<p><span style=\"color: #000000;\"><strong>Lima, 11 Marzo 2020, (ANDINA).-<\/strong> La Universidad del Pac\u00edfico decidi\u00f3 suspender del 12 hasta el 29 de marzo todas las actividades lectivas en el pregrado, la escuela de posgrado, el centro de idiomas y escuela preuniversitaria, a fin de resguardar la integridad de la comunidad universitaria.<\/span><\/p>\n<p><span style=\"color: #000000;\">A trav\u00e9s de un comunicado, dicha casa superior de estudios recomend\u00f3 al alumnado, profesores y personal administrativo reforzar las medidas de higiene personal (lavarse las manos adecuadamente, cubrirse con el antebrazo al toser o estornudar) y, en el caso de una sospecha de contagio, comunicarse por tel\u00e9fono de manera inmediata a la L\u00ednea 113.<\/span><\/p>\n<p><span style=\"color: #000000;\">Inst\u00f3 a las personas que hayan llegado recientemente de Europa o Asia mantenerse alertas y aplicar las medidas de prevenci\u00f3n o aislamiento domiciliario que indic\u00f3 hoy el Poder Ejecutivo, por un periodo de 14 d\u00edas contados desde su arribo a nuestro pa\u00eds.<\/span><\/p>\n<p><span style=\"color: #000000;\">Durante el tiempo que dure la suspensi\u00f3n de actividades, la universidad atender\u00e1 las consultas de la comunidad universitaria a trav\u00e9s de la central telef\u00f3nica y v\u00eda electr\u00f3nica. Exhort\u00f3 a los docentes a tiempo parcial, alumnos y exalumnos no acudir a las instalaciones de la universidad en dicho per\u00edodo.<\/span><\/p>\n<p><span style=\"color: #000000;\">Finalmente, indic\u00f3 que en caso de presentarse nueva informaci\u00f3n de inter\u00e9s, la universidad usar\u00e1 los canales institucionales para hacerlo.<\/span><\/p>\n","protected":false},"excerpt":{"rendered":"<p>La Universidad del Pac\u00edfico decidi\u00f3 suspender del 12 hasta el 29 de marzo todas las actividades lectivas a fin de resguardar la integridad de la comunidad universitaria. Lima, 11 Marzo 2020, (ANDINA).- La Universidad del Pac\u00edfico decidi\u00f3 suspender del 12 hasta el 29 de marzo todas las actividades lectivas en el pregrado, la escuela de [&hellip;]<\/p>\n","protected":false},"author":1,"featured_media":66050,"comment_status":"open","ping_status":"open","sticky":false,"template":"","format":"standard","meta":{"rop_custom_images_group":[],"rop_custom_messages_group":[],"rop_publish_now":"initial","rop_publish_now_accounts":[],"rop_publish_now_history":[],"rop_publish_now_status":"pending","footnotes":""},"categories":[10],"tags":[5236,5360],"class_list":["post-66049","post","type-post","status-publish","format-standard","has-post-thumbnail","hentry","category-actualidad-municipal","tag-coronavirus","tag-universidad-del-pacifico"],"_links":{"self":[{"href":"https:\/\/elinformanteperu.com\/index.php\/wp-json\/wp\/v2\/posts\/66049","targetHints":{"allow":["GET"]}}],"collection":[{"href":"https:\/\/elinformanteperu.com\/index.php\/wp-json\/wp\/v2\/posts"}],"about":[{"href":"https:\/\/elinformanteperu.com\/index.php\/wp-json\/wp\/v2\/types\/post"}],"author":[{"embeddable":true,"href":"https:\/\/elinformanteperu.com\/index.php\/wp-json\/wp\/v2\/users\/1"}],"replies":[{"embeddable":true,"href":"https:\/\/elinformanteperu.com\/index.php\/wp-json\/wp\/v2\/comments?post=66049"}],"version-history":[{"count":1,"href":"https:\/\/elinformanteperu.com\/index.php\/wp-json\/wp\/v2\/posts\/66049\/revisions"}],"predecessor-version":[{"id":66051,"href":"https:\/\/elinformanteperu.com\/index.php\/wp-json\/wp\/v2\/posts\/66049\/revisions\/66051"}],"wp:featuredmedia":[{"embeddable":true,"href":"https:\/\/elinformanteperu.com\/index.php\/wp-json\/wp\/v2\/media\/66050"}],"wp:attachment":[{"href":"https:\/\/elinformanteperu.com\/index.php\/wp-json\/wp\/v2\/media?parent=66049"}],"wp:term":[{"taxonomy":"category","embeddable":true,"href":"https:\/\/elinformanteperu.com\/index.php\/wp-json\/wp\/v2\/categories?post=66049"},{"taxonomy":"post_tag","embeddable":true,"href":"https:\/\/elinformanteperu.com\/index.php\/wp-json\/wp\/v2\/tags?post=66049"}],"curies":[{"name":"wp","href":"https:\/\/api.w.org\/{rel}","templated":true}]}}