{"id":66034,"date":"2020-03-12T00:21:16","date_gmt":"2020-03-12T05:21:16","guid":{"rendered":"http:\/\/elinformanteperu.com\/?p=66034"},"modified":"2020-03-12T00:21:16","modified_gmt":"2020-03-12T05:21:16","slug":"andre-carrillo-sigue-en-racha-pero-no-estara-en-el-inicio-de-las-eliminatorias","status":"publish","type":"post","link":"https:\/\/elinformanteperu.com\/index.php\/2020\/03\/12\/andre-carrillo-sigue-en-racha-pero-no-estara-en-el-inicio-de-las-eliminatorias\/","title":{"rendered":"Andr\u00e9 Carrillo sigue en racha, pero no estar\u00e1 en el inicio de las Eliminatorias"},"content":{"rendered":"<p><strong><span style=\"color: #000000;\">El delantero Andr\u00e9 Carrillo vive un buen momento en el f\u00fatbol \u00e1rabe al anotar de manera consecutiva con la camiseta del Al Hilal.<\/span><\/strong><\/p>\n<p><span style=\"color: #000000;\"><strong>Riad, 11 Marzo 2020, (ANDINA).-<\/strong> El delantero Andr\u00e9 Carrillo vive un buen momento en el f\u00fatbol \u00e1rabe al anotar de manera consecutiva con la camiseta del Al Hilal, que empat\u00f3 a un gol con el Damac y se mantiene en la cima del torneo de Arabia Saudita.<\/span><\/p>\n<p><span style=\"color: #000000;\">Andr\u00e9 Carrillo, quien anot\u00f3 en el minuto 38, sigue en racha con el Al Hilal. Tras anotar ante Al-Ettifaq en la fecha pasada, hoy volvi\u00f3 a hacerse presente en el marcador frente al Damac, tras aprovechar un rebote y mandarle a guardar desde el punto de penal.<\/span><\/p>\n<p><span style=\"color: #000000;\">Pese al empate, su equipo est\u00e1 en el primer lugar a falta de 8 fechas.<\/span><\/p>\n<p><span style=\"color: #000000;\">Cabe indicar que debido al coronavirus, Arabia Saudita anunci\u00f3 la suspensi\u00f3n de viajes a 14 pa\u00edses para evitar el contagio del virus, y por ende Andr\u00e9 Carrillo no podr\u00eda viajar al Per\u00fa para disputar la primera fecha de las Eliminatorias al Mundial de Qatar 2022.<\/span><\/p>\n<p><img fetchpriority=\"high\" decoding=\"async\" class=\"aligncenter size-full wp-image-59017\" src=\"http:\/\/elinformanteperu.com\/wp-content\/uploads\/2019\/10\/Andr\u00e9-Carrillo-Al-Hilal.jpg\" alt=\"\" width=\"1800\" height=\"1200\" srcset=\"https:\/\/elinformanteperu.com\/wp-content\/uploads\/2019\/10\/Andr\u00e9-Carrillo-Al-Hilal.jpg 1800w, https:\/\/elinformanteperu.com\/wp-content\/uploads\/2019\/10\/Andr\u00e9-Carrillo-Al-Hilal-300x200.jpg 300w, https:\/\/elinformanteperu.com\/wp-content\/uploads\/2019\/10\/Andr\u00e9-Carrillo-Al-Hilal-768x512.jpg 768w, https:\/\/elinformanteperu.com\/wp-content\/uploads\/2019\/10\/Andr\u00e9-Carrillo-Al-Hilal-1024x683.jpg 1024w, https:\/\/elinformanteperu.com\/wp-content\/uploads\/2019\/10\/Andr\u00e9-Carrillo-Al-Hilal-128x85.jpg 128w, https:\/\/elinformanteperu.com\/wp-content\/uploads\/2019\/10\/Andr\u00e9-Carrillo-Al-Hilal-32x21.jpg 32w\" sizes=\"(max-width: 1800px) 100vw, 1800px\" \/><\/p>\n","protected":false},"excerpt":{"rendered":"<p>El delantero Andr\u00e9 Carrillo vive un buen momento en el f\u00fatbol \u00e1rabe al anotar de manera consecutiva con la camiseta del Al Hilal. Riad, 11 Marzo 2020, (ANDINA).- El delantero Andr\u00e9 Carrillo vive un buen momento en el f\u00fatbol \u00e1rabe al anotar de manera consecutiva con la camiseta del Al Hilal, que empat\u00f3 a un [&hellip;]<\/p>\n","protected":false},"author":1,"featured_media":66035,"comment_status":"open","ping_status":"open","sticky":false,"template":"","format":"standard","meta":{"rop_custom_images_group":[],"rop_custom_messages_group":[],"rop_publish_now":"initial","rop_publish_now_accounts":[],"rop_publish_now_history":[],"rop_publish_now_status":"pending","footnotes":""},"categories":[8],"tags":[711],"class_list":["post-66034","post","type-post","status-publish","format-standard","has-post-thumbnail","hentry","category-disciplinas-deportivas","tag-andre-carrillo"],"_links":{"self":[{"href":"https:\/\/elinformanteperu.com\/index.php\/wp-json\/wp\/v2\/posts\/66034","targetHints":{"allow":["GET"]}}],"collection":[{"href":"https:\/\/elinformanteperu.com\/index.php\/wp-json\/wp\/v2\/posts"}],"about":[{"href":"https:\/\/elinformanteperu.com\/index.php\/wp-json\/wp\/v2\/types\/post"}],"author":[{"embeddable":true,"href":"https:\/\/elinformanteperu.com\/index.php\/wp-json\/wp\/v2\/users\/1"}],"replies":[{"embeddable":true,"href":"https:\/\/elinformanteperu.com\/index.php\/wp-json\/wp\/v2\/comments?post=66034"}],"version-history":[{"count":1,"href":"https:\/\/elinformanteperu.com\/index.php\/wp-json\/wp\/v2\/posts\/66034\/revisions"}],"predecessor-version":[{"id":66036,"href":"https:\/\/elinformanteperu.com\/index.php\/wp-json\/wp\/v2\/posts\/66034\/revisions\/66036"}],"wp:featuredmedia":[{"embeddable":true,"href":"https:\/\/elinformanteperu.com\/index.php\/wp-json\/wp\/v2\/media\/66035"}],"wp:attachment":[{"href":"https:\/\/elinformanteperu.com\/index.php\/wp-json\/wp\/v2\/media?parent=66034"}],"wp:term":[{"taxonomy":"category","embeddable":true,"href":"https:\/\/elinformanteperu.com\/index.php\/wp-json\/wp\/v2\/categories?post=66034"},{"taxonomy":"post_tag","embeddable":true,"href":"https:\/\/elinformanteperu.com\/index.php\/wp-json\/wp\/v2\/tags?post=66034"}],"curies":[{"name":"wp","href":"https:\/\/api.w.org\/{rel}","templated":true}]}}