{"id":66023,"date":"2020-03-11T23:21:24","date_gmt":"2020-03-12T04:21:24","guid":{"rendered":"http:\/\/elinformanteperu.com\/?p=66023"},"modified":"2020-03-11T23:21:24","modified_gmt":"2020-03-12T04:21:24","slug":"la-fpf-descarta-que-el-inicio-de-las-eliminatorias-cambie-de-fecha","status":"publish","type":"post","link":"https:\/\/elinformanteperu.com\/index.php\/2020\/03\/11\/la-fpf-descarta-que-el-inicio-de-las-eliminatorias-cambie-de-fecha\/","title":{"rendered":"La FPF descarta que el inicio de las Eliminatorias cambie de fecha"},"content":{"rendered":"<p><strong><span style=\"color: #000000;\">Ante los rumores sobre la posible cambio de fechas en el inicio de las Eliminatorias sudamericanas, la Federaci\u00f3n Peruana de F\u00fatbol sali\u00f3 al frente a desmentir tales afirmaciones.<\/span><\/strong><\/p>\n<p><span style=\"color: #000000;\"><strong>Lima, 11 Marzo 2020, (ANDINA).-<\/strong> Ante los rumores sobre la posible cambio de fechas en el inicio de las Eliminatorias sudamericanas al Mundial de Qatar 2022, la Federaci\u00f3n Peruana de F\u00fatbol sali\u00f3 al frente a desmentir tales afirmaciones se\u00f1alando que ellos no han recibido ning\u00fan comunicado de Conmebol ni FIFA para aplazar el proceso clasificatorio.<\/span><\/p>\n<p><span style=\"color: #000000;\">La Federaci\u00f3n Peruana de F\u00fatbol anunci\u00f3 a trav\u00e9s de sus redes sociales que no hay por ahora comunicaci\u00f3n de FIFA con respecto a un posible cambio sobre las fechas del inicio de las eliminatorias.<\/span><\/p>\n<p><strong><span style=\"color: #000000;\">El comunicado indica:<\/span><\/strong><\/p>\n<p><span style=\"color: #000000;\">La Federaci\u00f3n Peruana de F\u00fatbol al d\u00eda de hoy no ha recibido ning\u00fan comunicado de la FIFA acerca de alguna modificaci\u00f3n en el inicio de las eliminatorias sudamericanas al Mundial Qatar 2022.<\/span><\/p>\n<p><span style=\"color: #000000;\">Aclaramos a la opini\u00f3n p\u00fablica que cualquier comunicaci\u00f3n oficial de nuestra instituci\u00f3n solo es v\u00e1lida en tanto sea publicada en las redes oficiales de la FPF.<\/span><\/p>\n<p><span style=\"color: #000000;\">Con esta misiva se descarta las informaciones que estaban circulando por la redes sociales creando inestabilidad para el aficionado.<\/span><\/p>\n<p><span style=\"color: #000000;\">En la primera fecha doble, Per\u00fa se enfrenta a Paraguay el pr\u00f3ximo 26 de marzo, en Asunci\u00f3n. Luego, el 31 de marzo, recibe a Brasil en el Estadio Nacional.<\/span><\/p>\n<p><img fetchpriority=\"high\" decoding=\"async\" class=\"aligncenter size-full wp-image-60457\" src=\"http:\/\/elinformanteperu.com\/wp-content\/uploads\/2019\/11\/universitario-estadio-monumental1.jpg\" alt=\"\" width=\"1800\" height=\"922\" srcset=\"https:\/\/elinformanteperu.com\/wp-content\/uploads\/2019\/11\/universitario-estadio-monumental1.jpg 1800w, https:\/\/elinformanteperu.com\/wp-content\/uploads\/2019\/11\/universitario-estadio-monumental1-300x154.jpg 300w, https:\/\/elinformanteperu.com\/wp-content\/uploads\/2019\/11\/universitario-estadio-monumental1-1024x525.jpg 1024w, https:\/\/elinformanteperu.com\/wp-content\/uploads\/2019\/11\/universitario-estadio-monumental1-768x393.jpg 768w, https:\/\/elinformanteperu.com\/wp-content\/uploads\/2019\/11\/universitario-estadio-monumental1-1536x787.jpg 1536w, https:\/\/elinformanteperu.com\/wp-content\/uploads\/2019\/11\/universitario-estadio-monumental1-128x66.jpg 128w, https:\/\/elinformanteperu.com\/wp-content\/uploads\/2019\/11\/universitario-estadio-monumental1-32x16.jpg 32w\" sizes=\"(max-width: 1800px) 100vw, 1800px\" \/><\/p>\n","protected":false},"excerpt":{"rendered":"<p>Ante los rumores sobre la posible cambio de fechas en el inicio de las Eliminatorias sudamericanas, la Federaci\u00f3n Peruana de F\u00fatbol sali\u00f3 al frente a desmentir tales afirmaciones. Lima, 11 Marzo 2020, (ANDINA).- Ante los rumores sobre la posible cambio de fechas en el inicio de las Eliminatorias sudamericanas al Mundial de Qatar 2022, la [&hellip;]<\/p>\n","protected":false},"author":1,"featured_media":22438,"comment_status":"open","ping_status":"open","sticky":false,"template":"","format":"standard","meta":{"rop_custom_images_group":[],"rop_custom_messages_group":[],"rop_publish_now":"initial","rop_publish_now_accounts":[],"rop_publish_now_history":[],"rop_publish_now_status":"pending","footnotes":""},"categories":[8],"tags":[4431,204,268],"class_list":["post-66023","post","type-post","status-publish","format-standard","has-post-thumbnail","hentry","category-disciplinas-deportivas","tag-eliminatorias-qatar-2022","tag-federacion-peruana-de-futbol","tag-fifa"],"_links":{"self":[{"href":"https:\/\/elinformanteperu.com\/index.php\/wp-json\/wp\/v2\/posts\/66023","targetHints":{"allow":["GET"]}}],"collection":[{"href":"https:\/\/elinformanteperu.com\/index.php\/wp-json\/wp\/v2\/posts"}],"about":[{"href":"https:\/\/elinformanteperu.com\/index.php\/wp-json\/wp\/v2\/types\/post"}],"author":[{"embeddable":true,"href":"https:\/\/elinformanteperu.com\/index.php\/wp-json\/wp\/v2\/users\/1"}],"replies":[{"embeddable":true,"href":"https:\/\/elinformanteperu.com\/index.php\/wp-json\/wp\/v2\/comments?post=66023"}],"version-history":[{"count":1,"href":"https:\/\/elinformanteperu.com\/index.php\/wp-json\/wp\/v2\/posts\/66023\/revisions"}],"predecessor-version":[{"id":66024,"href":"https:\/\/elinformanteperu.com\/index.php\/wp-json\/wp\/v2\/posts\/66023\/revisions\/66024"}],"wp:featuredmedia":[{"embeddable":true,"href":"https:\/\/elinformanteperu.com\/index.php\/wp-json\/wp\/v2\/media\/22438"}],"wp:attachment":[{"href":"https:\/\/elinformanteperu.com\/index.php\/wp-json\/wp\/v2\/media?parent=66023"}],"wp:term":[{"taxonomy":"category","embeddable":true,"href":"https:\/\/elinformanteperu.com\/index.php\/wp-json\/wp\/v2\/categories?post=66023"},{"taxonomy":"post_tag","embeddable":true,"href":"https:\/\/elinformanteperu.com\/index.php\/wp-json\/wp\/v2\/tags?post=66023"}],"curies":[{"name":"wp","href":"https:\/\/api.w.org\/{rel}","templated":true}]}}