{"id":65717,"date":"2020-03-03T00:02:33","date_gmt":"2020-03-03T05:02:33","guid":{"rendered":"http:\/\/elinformanteperu.com\/?p=65717"},"modified":"2020-03-03T00:02:33","modified_gmt":"2020-03-03T05:02:33","slug":"solo-seis-jovenes-integran-el-nuevo-congreso","status":"publish","type":"post","link":"https:\/\/elinformanteperu.com\/index.php\/2020\/03\/03\/solo-seis-jovenes-integran-el-nuevo-congreso\/","title":{"rendered":"Solo seis j\u00f3venes integran el nuevo Congreso"},"content":{"rendered":"<p><strong><span style=\"color: #000000;\">En las elecciones congresales extraordinarias postularon 260 j\u00f3venes, pero solo 6, es decir menos del 3 %, alcanzaron una curul.<\/span><\/strong><\/p>\n<p><span style=\"color: #000000;\"><strong>Lima, 02 Marzo 2020, (ANDINA).-<\/strong> En las elecciones congresales extraordinarias postularon 260 j\u00f3venes, pero solo 6, es decir menos del 3 %, alcanzaron una curul, seg\u00fan inform\u00f3 la Secretar\u00eda Nacional de la Juventud (Senaju) del Ministerio de Educaci\u00f3n.<\/span><\/p>\n<p><span style=\"color: #000000;\">Se trata de Cindy Arlette Contreras (29), del Frente Amplio; Felicita Tocto (29), del Partido Democr\u00e1tico Somos Per\u00fa; Paul Garc\u00eda (29), de Acci\u00f3n Popular.<\/span><\/p>\n<p><span style=\"color: #000000;\">Tambi\u00e9n, Luz Cayguaray (28), del Frente Popular Agr\u00edcola del Per\u00fa (Frepap); Mar\u00eda Isabel Bartolo (26) y Alexander Lozano (27), ambos de Uni\u00f3n por el Per\u00fa (UPP).<\/span><\/p>\n<p><span style=\"color: #000000;\">El Callao fue el distrito con mayor porcentaje de candidatos j\u00f3venes (16 %), seguido por las regiones de Pasco (14.3 %), Madre de Dios (13.3 %) y Moquegua (12.8 %) indic\u00f3 la Senaju.<\/span><\/p>\n<p><span style=\"color: #000000;\">Tambi\u00e9n resalt\u00f3 que 48 candidaturas fueron declaradas improcedentes o excluidas por el Jurado Nacional de Elecciones.<\/span><\/p>\n<p><strong><span style=\"color: #000000;\">Encuentro de autoridades j\u00f3venes<\/span><\/strong><\/p>\n<p><span style=\"color: #000000;\">La escasa representaci\u00f3n pol\u00edtica de los j\u00f3venes no solo se expresa en el reciente Congreso, sino tambi\u00e9n entre las autoridades de los diversos niveles de gobierno que fueron elegidas para el periodo 2019-2022.<\/span><\/p>\n<p><span style=\"color: #000000;\">Las autoridades j\u00f3venes menores de 29 a\u00f1os solo representan el 14.8 % del total de autoridades a nivel regional, provincial y distrital. De las 1918 autoridades j\u00f3venes, 763 tienen de 18 a 24 a\u00f1os y 1155, entre 25 y 29 a\u00f1os. <\/span><\/p>\n<p><span style=\"color: #000000;\">Ante esta situaci\u00f3n, la Senaju contin\u00faa trabajando para fomentar el incremento de la participaci\u00f3n ciudadana de la poblaci\u00f3n juvenil.<\/span><\/p>\n<p><span style=\"color: #000000;\">Es por ello que, desde el 26 hasta el 28 de marzo, alista el IX Encuentro Nacional de Autoridades Pol\u00edticas J\u00f3venes, que reunir\u00e1 a 130 autoridades pol\u00edticas j\u00f3venes de todo el pa\u00eds, alcaldes y alcaldesas, consejeros y consejeras regionales, as\u00ed como regidores y regidoras provinciales y distritales.<\/span><\/p>\n","protected":false},"excerpt":{"rendered":"<p>En las elecciones congresales extraordinarias postularon 260 j\u00f3venes, pero solo 6, es decir menos del 3 %, alcanzaron una curul. Lima, 02 Marzo 2020, (ANDINA).- En las elecciones congresales extraordinarias postularon 260 j\u00f3venes, pero solo 6, es decir menos del 3 %, alcanzaron una curul, seg\u00fan inform\u00f3 la Secretar\u00eda Nacional de la Juventud (Senaju) del [&hellip;]<\/p>\n","protected":false},"author":1,"featured_media":65718,"comment_status":"open","ping_status":"open","sticky":false,"template":"","format":"standard","meta":{"rop_custom_images_group":[],"rop_custom_messages_group":[],"rop_publish_now":"initial","rop_publish_now_accounts":[],"rop_publish_now_history":[],"rop_publish_now_status":"pending","footnotes":""},"categories":[5],"tags":[192],"class_list":["post-65717","post","type-post","status-publish","format-standard","has-post-thumbnail","hentry","category-actualidad-informativa","tag-congreso"],"_links":{"self":[{"href":"https:\/\/elinformanteperu.com\/index.php\/wp-json\/wp\/v2\/posts\/65717","targetHints":{"allow":["GET"]}}],"collection":[{"href":"https:\/\/elinformanteperu.com\/index.php\/wp-json\/wp\/v2\/posts"}],"about":[{"href":"https:\/\/elinformanteperu.com\/index.php\/wp-json\/wp\/v2\/types\/post"}],"author":[{"embeddable":true,"href":"https:\/\/elinformanteperu.com\/index.php\/wp-json\/wp\/v2\/users\/1"}],"replies":[{"embeddable":true,"href":"https:\/\/elinformanteperu.com\/index.php\/wp-json\/wp\/v2\/comments?post=65717"}],"version-history":[{"count":1,"href":"https:\/\/elinformanteperu.com\/index.php\/wp-json\/wp\/v2\/posts\/65717\/revisions"}],"predecessor-version":[{"id":65719,"href":"https:\/\/elinformanteperu.com\/index.php\/wp-json\/wp\/v2\/posts\/65717\/revisions\/65719"}],"wp:featuredmedia":[{"embeddable":true,"href":"https:\/\/elinformanteperu.com\/index.php\/wp-json\/wp\/v2\/media\/65718"}],"wp:attachment":[{"href":"https:\/\/elinformanteperu.com\/index.php\/wp-json\/wp\/v2\/media?parent=65717"}],"wp:term":[{"taxonomy":"category","embeddable":true,"href":"https:\/\/elinformanteperu.com\/index.php\/wp-json\/wp\/v2\/categories?post=65717"},{"taxonomy":"post_tag","embeddable":true,"href":"https:\/\/elinformanteperu.com\/index.php\/wp-json\/wp\/v2\/tags?post=65717"}],"curies":[{"name":"wp","href":"https:\/\/api.w.org\/{rel}","templated":true}]}}