{"id":65711,"date":"2020-03-02T23:57:28","date_gmt":"2020-03-03T04:57:28","guid":{"rendered":"http:\/\/elinformanteperu.com\/?p=65711"},"modified":"2020-03-02T23:57:28","modified_gmt":"2020-03-03T04:57:28","slug":"conoce-a-los-integrantes-de-la-junta-preparatoria-de-instalacion-del-congreso","status":"publish","type":"post","link":"https:\/\/elinformanteperu.com\/index.php\/2020\/03\/02\/conoce-a-los-integrantes-de-la-junta-preparatoria-de-instalacion-del-congreso\/","title":{"rendered":"Conoce a los integrantes de la Junta Preparatoria de instalaci\u00f3n del Congreso"},"content":{"rendered":"<p><strong><span style=\"color: #000000;\">La Junta Preparatoria tiene a su cargo la instalaci\u00f3n del nuevo Congreso, proceso que comprende la incorporaci\u00f3n formal de los congresistas electos.<\/span><\/strong><\/p>\n<p><span style=\"color: #000000;\"><strong>Lima, 02 Marzo 2020, (ANDINA).-<\/strong> La Junta Preparatoria tiene a su cargo la instalaci\u00f3n del nuevo Congreso, proceso que comprende la incorporaci\u00f3n formal de los congresistas electos mediante juramento y la elecci\u00f3n de la Mesa Directiva. \u00bfQui\u00e9nes la integrar\u00e1n?<\/span><\/p>\n<p><span style=\"color: #000000;\">Seg\u00fan el art\u00edculo 8 del Reglamento del Congreso, la Junta Preparatoria es presidida por el o la congresista que obtuvo la mayor votaci\u00f3n preferencial del grupo pol\u00edtico que alcanz\u00f3 la mayor votaci\u00f3n.<\/span><\/p>\n<p><span style=\"color: #000000;\">Tras las elecciones del 26 de enero, Acci\u00f3n Popular encabeza la lista de preferencias con m\u00e1s de un mill\u00f3n 341,000 votos. En dicha agrupaci\u00f3n, M\u00f3nica Saavedra registra la m\u00e1s alta votaci\u00f3n.<\/span><\/p>\n<p><span style=\"color: #000000;\">Con eso, ella ser\u00eda la llamada a presidir la Junta Preparatoria, acompa\u00f1ada por el congresista electo de mayor edad y el m\u00e1s joven, estos \u00faltimos independientemente del partido al que pertenezcan.<\/span><\/p>\n<p><span style=\"color: #000000;\">Enrique Fern\u00e1ndez, del Frente Amplio (el de mayor edad), y Mar\u00eda Bartolo, de Uni\u00f3n por el Per\u00fa, la parlamentaria electa m\u00e1s joven, son los llamados a completar la Junta Preparatoria.<\/span><\/p>\n<p><span style=\"color: #000000;\">Fern\u00e1ndez asumir\u00eda como primer secretario y Bartolo como segunda secretaria.<\/span><\/p>\n<p><span style=\"color: #000000;\">La Oficial\u00eda Mayor del Parlamento, una vez que reciba la totalidad de credenciales de los congresistas, publicar\u00e1 un comunicado con los nombres de los integrantes de la Junta Preparatoria.<\/span><\/p>\n<p><span style=\"color: #000000;\">La Mesa Directiva de la Junta Preparatoria presentar\u00e1 la agenda para la incorporaci\u00f3n formal de los congresistas al Parlamento, mediante juramento.<\/span><\/p>\n<p><span style=\"color: #000000;\">Seguidamente, se proceder\u00e1 a la elecci\u00f3n de la Mesa Directiva del Congreso para el periodo anual correspondiente.<\/span><\/p>\n","protected":false},"excerpt":{"rendered":"<p>La Junta Preparatoria tiene a su cargo la instalaci\u00f3n del nuevo Congreso, proceso que comprende la incorporaci\u00f3n formal de los congresistas electos. Lima, 02 Marzo 2020, (ANDINA).- La Junta Preparatoria tiene a su cargo la instalaci\u00f3n del nuevo Congreso, proceso que comprende la incorporaci\u00f3n formal de los congresistas electos mediante juramento y la elecci\u00f3n de [&hellip;]<\/p>\n","protected":false},"author":1,"featured_media":65712,"comment_status":"open","ping_status":"open","sticky":false,"template":"","format":"standard","meta":{"rop_custom_images_group":[],"rop_custom_messages_group":[],"rop_publish_now":"initial","rop_publish_now_accounts":[],"rop_publish_now_history":[],"rop_publish_now_status":"pending","footnotes":""},"categories":[5],"tags":[192,3615,5348,5346],"class_list":["post-65711","post","type-post","status-publish","format-standard","has-post-thumbnail","hentry","category-actualidad-informativa","tag-congreso","tag-enrique-fernandez-chacon","tag-maria-bartolo","tag-monica-saavedra"],"_links":{"self":[{"href":"https:\/\/elinformanteperu.com\/index.php\/wp-json\/wp\/v2\/posts\/65711","targetHints":{"allow":["GET"]}}],"collection":[{"href":"https:\/\/elinformanteperu.com\/index.php\/wp-json\/wp\/v2\/posts"}],"about":[{"href":"https:\/\/elinformanteperu.com\/index.php\/wp-json\/wp\/v2\/types\/post"}],"author":[{"embeddable":true,"href":"https:\/\/elinformanteperu.com\/index.php\/wp-json\/wp\/v2\/users\/1"}],"replies":[{"embeddable":true,"href":"https:\/\/elinformanteperu.com\/index.php\/wp-json\/wp\/v2\/comments?post=65711"}],"version-history":[{"count":1,"href":"https:\/\/elinformanteperu.com\/index.php\/wp-json\/wp\/v2\/posts\/65711\/revisions"}],"predecessor-version":[{"id":65713,"href":"https:\/\/elinformanteperu.com\/index.php\/wp-json\/wp\/v2\/posts\/65711\/revisions\/65713"}],"wp:featuredmedia":[{"embeddable":true,"href":"https:\/\/elinformanteperu.com\/index.php\/wp-json\/wp\/v2\/media\/65712"}],"wp:attachment":[{"href":"https:\/\/elinformanteperu.com\/index.php\/wp-json\/wp\/v2\/media?parent=65711"}],"wp:term":[{"taxonomy":"category","embeddable":true,"href":"https:\/\/elinformanteperu.com\/index.php\/wp-json\/wp\/v2\/categories?post=65711"},{"taxonomy":"post_tag","embeddable":true,"href":"https:\/\/elinformanteperu.com\/index.php\/wp-json\/wp\/v2\/tags?post=65711"}],"curies":[{"name":"wp","href":"https:\/\/api.w.org\/{rel}","templated":true}]}}