{"id":65709,"date":"2020-03-02T23:52:54","date_gmt":"2020-03-03T04:52:54","guid":{"rendered":"http:\/\/elinformanteperu.com\/?p=65709"},"modified":"2020-03-02T23:52:54","modified_gmt":"2020-03-03T04:52:54","slug":"estas-son-las-exautoridades-detenidas-por-sus-presuntos-vinculos-con-odebrecht","status":"publish","type":"post","link":"https:\/\/elinformanteperu.com\/index.php\/2020\/03\/02\/estas-son-las-exautoridades-detenidas-por-sus-presuntos-vinculos-con-odebrecht\/","title":{"rendered":"Estas son las exautoridades detenidas por sus presuntos v\u00ednculos con Odebrecht"},"content":{"rendered":"<p><strong><span style=\"color: #000000;\">El exgobernador regional de Lambayeque, Yehude Simon, fue detenido hace una semana por presunta corrupci\u00f3n. \u00bfQu\u00e9 otras exautoridades se encuentran en la misma situaci\u00f3n?<\/span><\/strong><\/p>\n<p><span style=\"color: #000000;\"><strong>Lima, 02 Marzo 2020, (ANDINA).-<\/strong> El exgobernador regional de Lambayeque, Yehude Simon, fue detenido hace una semana por presunta corrupci\u00f3n vinculada a la empresa Odebrecht. \u00bfQu\u00e9 otras exautoridades se encuentran en la misma situaci\u00f3n?<\/span><\/p>\n<p><strong><span style=\"color: #000000;\">Alejandro Toledo<\/span><\/strong><\/p>\n<p><img fetchpriority=\"high\" decoding=\"async\" class=\"aligncenter size-full wp-image-5986\" src=\"http:\/\/elinformanteperu.com\/wp-content\/uploads\/2017\/02\/toledo-eliane1.jpg\" alt=\"\" width=\"1800\" height=\"1213\" srcset=\"https:\/\/elinformanteperu.com\/wp-content\/uploads\/2017\/02\/toledo-eliane1.jpg 1800w, https:\/\/elinformanteperu.com\/wp-content\/uploads\/2017\/02\/toledo-eliane1-300x202.jpg 300w, https:\/\/elinformanteperu.com\/wp-content\/uploads\/2017\/02\/toledo-eliane1-768x518.jpg 768w, https:\/\/elinformanteperu.com\/wp-content\/uploads\/2017\/02\/toledo-eliane1-1024x690.jpg 1024w, https:\/\/elinformanteperu.com\/wp-content\/uploads\/2017\/02\/toledo-eliane1-128x86.jpg 128w, https:\/\/elinformanteperu.com\/wp-content\/uploads\/2017\/02\/toledo-eliane1-32x22.jpg 32w\" sizes=\"(max-width: 1800px) 100vw, 1800px\" \/><span style=\"color: #000000;\">El expresidente se encuentra detenido en Estados Unidos desde julio de 2019 debido a un proceso de extradici\u00f3n iniciado por la justicia peruana que lo investiga por el presunto cobro de una coima de 35 millones de d\u00f3lares a la empresa Odebrecht para favorecerla en la licitaci\u00f3n de la carretera Interoce\u00e1nica.<\/span><\/p>\n<p><span style=\"color: #000000;\">La Fiscal\u00eda le atribuye el presunto delito de tr\u00e1fico de influencias, lavado de activos y colusi\u00f3n.<\/span><\/p>\n<p><strong><span style=\"color: #000000;\">Pedro Pablo Kuczynski<\/span><\/strong><\/p>\n<p><img decoding=\"async\" class=\"aligncenter size-full wp-image-55646\" src=\"http:\/\/elinformanteperu.com\/wp-content\/uploads\/2019\/08\/ppk-sesion-judicial.jpg\" alt=\"\" width=\"1800\" height=\"1139\" srcset=\"https:\/\/elinformanteperu.com\/wp-content\/uploads\/2019\/08\/ppk-sesion-judicial.jpg 1800w, https:\/\/elinformanteperu.com\/wp-content\/uploads\/2019\/08\/ppk-sesion-judicial-300x190.jpg 300w, https:\/\/elinformanteperu.com\/wp-content\/uploads\/2019\/08\/ppk-sesion-judicial-768x486.jpg 768w, https:\/\/elinformanteperu.com\/wp-content\/uploads\/2019\/08\/ppk-sesion-judicial-1024x648.jpg 1024w, https:\/\/elinformanteperu.com\/wp-content\/uploads\/2019\/08\/ppk-sesion-judicial-128x81.jpg 128w, https:\/\/elinformanteperu.com\/wp-content\/uploads\/2019\/08\/ppk-sesion-judicial-32x20.jpg 32w\" sizes=\"(max-width: 1800px) 100vw, 1800px\" \/><span style=\"color: #000000;\">En agosto de 2019, el Tercer Juzgado de Investigaci\u00f3n Preparatoria mantuvo el arresto domicilio por 36 meses que se le impuso en abril de ese a\u00f1o al expresidente y rechaz\u00f3 el pedido del Ministerio P\u00fablico para variar dicha medida de restricci\u00f3n e imponerle prisi\u00f3n preventiva.<\/span><\/p>\n<p><span style=\"color: #000000;\">A Kuczynski se le investiga por las consultor\u00edas a la empresa Odebrecht a trav\u00e9s de las empresas Westfield Capital y Firts Capital, de las cuales es due\u00f1o y socio.<\/span><\/p>\n<p><strong><span style=\"color: #000000;\">Susana Villar\u00e1n<\/span><\/strong><\/p>\n<p><img decoding=\"async\" class=\"aligncenter size-full wp-image-57151\" src=\"http:\/\/elinformanteperu.com\/wp-content\/uploads\/2019\/09\/susana-villaran6.jpg\" alt=\"\" width=\"1800\" height=\"1200\" srcset=\"https:\/\/elinformanteperu.com\/wp-content\/uploads\/2019\/09\/susana-villaran6.jpg 1800w, https:\/\/elinformanteperu.com\/wp-content\/uploads\/2019\/09\/susana-villaran6-300x200.jpg 300w, https:\/\/elinformanteperu.com\/wp-content\/uploads\/2019\/09\/susana-villaran6-768x512.jpg 768w, https:\/\/elinformanteperu.com\/wp-content\/uploads\/2019\/09\/susana-villaran6-1024x683.jpg 1024w, https:\/\/elinformanteperu.com\/wp-content\/uploads\/2019\/09\/susana-villaran6-128x85.jpg 128w, https:\/\/elinformanteperu.com\/wp-content\/uploads\/2019\/09\/susana-villaran6-32x21.jpg 32w\" sizes=\"(max-width: 1800px) 100vw, 1800px\" \/><span style=\"color: #000000;\">El Ministerio P\u00fablico le imputa haber recibido tres millones de d\u00f3lares de Odebrecht y tres millones de d\u00f3lares de OAS para la campa\u00f1a por el No a la revocatoria, a cambio de favorecerlos en procesos de licitaci\u00f3n de la Municipalidad Metropolitana de Lima.<\/span><\/p>\n<p><span style=\"color: #000000;\">Adem\u00e1s, la Fiscal\u00eda le atribuye haber recibido cuatro millones de d\u00f3lares para su campa\u00f1a de reelecci\u00f3n municipal.<\/span><\/p>\n<p><span style=\"color: #000000;\">El pasado 14 de febrero, la Corte Superior de Justicia de Lima rechaz\u00f3 el habeas corpus que present\u00f3 la defensa de la exalcaldesa, quien buscaba revertir la orden de prisi\u00f3n preventiva en su contra.<\/span><\/p>\n<p><strong><span style=\"color: #000000;\">Luis Casta\u00f1eda<\/span><\/strong><\/p>\n<p><img loading=\"lazy\" decoding=\"async\" class=\"aligncenter size-full wp-image-64689\" src=\"http:\/\/elinformanteperu.com\/wp-content\/uploads\/2020\/02\/casta\u00f1eda-juicio.jpg\" alt=\"\" width=\"1800\" height=\"1201\" srcset=\"https:\/\/elinformanteperu.com\/wp-content\/uploads\/2020\/02\/casta\u00f1eda-juicio.jpg 1800w, https:\/\/elinformanteperu.com\/wp-content\/uploads\/2020\/02\/casta\u00f1eda-juicio-300x200.jpg 300w, https:\/\/elinformanteperu.com\/wp-content\/uploads\/2020\/02\/casta\u00f1eda-juicio-1024x683.jpg 1024w, https:\/\/elinformanteperu.com\/wp-content\/uploads\/2020\/02\/casta\u00f1eda-juicio-768x512.jpg 768w, https:\/\/elinformanteperu.com\/wp-content\/uploads\/2020\/02\/casta\u00f1eda-juicio-1536x1025.jpg 1536w, https:\/\/elinformanteperu.com\/wp-content\/uploads\/2020\/02\/casta\u00f1eda-juicio-128x85.jpg 128w, https:\/\/elinformanteperu.com\/wp-content\/uploads\/2020\/02\/casta\u00f1eda-juicio-32x21.jpg 32w\" sizes=\"(max-width: 1800px) 100vw, 1800px\" \/><span style=\"color: #000000;\">El 14 de febrero, el Poder Judicial orden\u00f3 24 meses de prisi\u00f3n preventiva contra el exalcalde de Lima Luis Casta\u00f1eda Lossio, en el marco de las investigaciones en su contra por presuntamente recibir dinero de las constructoras brasile\u00f1as OAS y Odebrecht.<\/span><\/p>\n<p><span style=\"color: #000000;\">La jueza Mar\u00eda \u00c1lvarez consider\u00f3 que Casta\u00f1eda, antes de representar los intereses en la Municipalidad Metropolitana de Lima como alcalde, \u00abcoloc\u00f3\u00bb en cargos claves a personas vinculadas a su entorno como Giselle Zegarra, quien hab\u00eda brindado servicios a OAS hasta antes de ingresar a la comuna capitalina.<\/span><\/p>\n<p><span style=\"color: #000000;\">Para la magistrada, se ha probado, con datos objetivos proporcionados por la Fiscal\u00eda, la existencia de un esquema de asociaci\u00f3n il\u00edcita en el \u00e1rea de tr\u00e1fico de influencias, por la designaci\u00f3n de puestos de trabajo en la municipalidad.<\/span><\/p>\n<p><strong><span style=\"color: #000000;\">Yehude Simon<\/span><\/strong><\/p>\n<p><img loading=\"lazy\" decoding=\"async\" class=\"aligncenter size-full wp-image-65412\" src=\"http:\/\/elinformanteperu.com\/wp-content\/uploads\/2020\/02\/Yehude-Simon-preso-3.jpg\" alt=\"\" width=\"1800\" height=\"1200\" srcset=\"https:\/\/elinformanteperu.com\/wp-content\/uploads\/2020\/02\/Yehude-Simon-preso-3.jpg 1800w, https:\/\/elinformanteperu.com\/wp-content\/uploads\/2020\/02\/Yehude-Simon-preso-3-300x200.jpg 300w, https:\/\/elinformanteperu.com\/wp-content\/uploads\/2020\/02\/Yehude-Simon-preso-3-1024x683.jpg 1024w, https:\/\/elinformanteperu.com\/wp-content\/uploads\/2020\/02\/Yehude-Simon-preso-3-768x512.jpg 768w, https:\/\/elinformanteperu.com\/wp-content\/uploads\/2020\/02\/Yehude-Simon-preso-3-1536x1024.jpg 1536w, https:\/\/elinformanteperu.com\/wp-content\/uploads\/2020\/02\/Yehude-Simon-preso-3-128x85.jpg 128w, https:\/\/elinformanteperu.com\/wp-content\/uploads\/2020\/02\/Yehude-Simon-preso-3-32x21.jpg 32w\" sizes=\"(max-width: 1800px) 100vw, 1800px\" \/><span style=\"color: #000000;\">Al exgobernador regional de Lambayeque y expresidente del Consejo de Ministros se le imputan hechos relacionados con la concesi\u00f3n del proyecto Trasvase e Irrigaci\u00f3n de Olmos, a favor de Odebrecht, y de recibir presuntamente dinero de parte de esta empresa brasile\u00f1a para su campa\u00f1a de reelecci\u00f3n en el 2006.<\/span><\/p>\n<p><span style=\"color: #000000;\">De acuerdo con la declaraci\u00f3n del exrepresentante de Odebrecht en Per\u00fa, Jorge Barata, Simon Munaro recibi\u00f3 300,000 d\u00f3lares para su campa\u00f1a de reelecci\u00f3n de la Caja 2 de la constructora cuando era gobernador regional entre el 9 de abril y el 4 de junio del 2006.<\/span><\/p>\n<p><span style=\"color: #000000;\">Otra entrega de dinero se habr\u00eda realizado el 19 de noviembre de ese mismo a\u00f1o.<\/span><\/p>\n<p><strong><span style=\"color: #000000;\">C\u00e9sar Villanueva<\/span><\/strong><\/p>\n<p><img loading=\"lazy\" decoding=\"async\" class=\"aligncenter size-full wp-image-41800\" src=\"http:\/\/elinformanteperu.com\/wp-content\/uploads\/2019\/01\/villanueva-amazonia1.jpg\" alt=\"\" width=\"1800\" height=\"1200\" srcset=\"https:\/\/elinformanteperu.com\/wp-content\/uploads\/2019\/01\/villanueva-amazonia1.jpg 1800w, https:\/\/elinformanteperu.com\/wp-content\/uploads\/2019\/01\/villanueva-amazonia1-300x200.jpg 300w, https:\/\/elinformanteperu.com\/wp-content\/uploads\/2019\/01\/villanueva-amazonia1-768x512.jpg 768w, https:\/\/elinformanteperu.com\/wp-content\/uploads\/2019\/01\/villanueva-amazonia1-1024x683.jpg 1024w, https:\/\/elinformanteperu.com\/wp-content\/uploads\/2019\/01\/villanueva-amazonia1-128x85.jpg 128w, https:\/\/elinformanteperu.com\/wp-content\/uploads\/2019\/01\/villanueva-amazonia1-32x21.jpg 32w\" sizes=\"(max-width: 1800px) 100vw, 1800px\" \/><span style=\"color: #000000;\">El pasado 11 de diciembre, el Poder Judicial dict\u00f3 prisi\u00f3n preventiva contra el exgobernador regional de San Mart\u00edn y exjefe del Gabinete Ministerial en el marco de la investigaci\u00f3n por los presuntos pagos il\u00edcitos que habr\u00eda recibido de Odebrecht durante su gesti\u00f3n como gobernador para la adjudicaci\u00f3n de la carretera San Jos\u00e9 de Sisa.<\/span><\/p>\n<p><span style=\"color: #000000;\">Villanueva es investigado por los presuntos delitos de colusi\u00f3n, negociaci\u00f3n incompatible y asociaci\u00f3n il\u00edcita.<\/span><\/p>\n<p><strong><span style=\"color: #000000;\">F\u00e9lix Moreno<\/span><\/strong><\/p>\n<p><span style=\"color: #000000;\">El exgobernador regional del Callao, F\u00e9lix Moreno, fue capturado en noviembre por la Polic\u00eda Nacional. Sobre \u00e9l pesan dos condenas del Poder Judicial, pero tambi\u00e9n una investigaci\u00f3n por sus presuntos v\u00ednculos con Odebrecht.<\/span><\/p>\n<p><span style=\"color: #000000;\">Moreno es acusado de haber beneficiado a la constructora brasile\u00f1a para que se adjudique la obra de la Costa Verde del Callao, a cambio de una coima de cuatro millones de d\u00f3lares, seg\u00fan investigaciones del Ministerio P\u00fablico.<\/span><\/p>\n<p><span style=\"color: #000000;\">De dicho importe, 2.6 millones habr\u00edan sido para \u00e9l y 1.4 para el empresario Gil Shavit. De lo correspondiente a Moreno, dos millones habr\u00edan reca\u00eddo en las cuentas del publicista Luis Favre para dirigir la campa\u00f1a electoral que lo lanzar\u00eda nuevamente al gobierno regional.<\/span><\/p>\n<p><img loading=\"lazy\" decoding=\"async\" class=\"aligncenter size-full wp-image-51753\" src=\"http:\/\/elinformanteperu.com\/wp-content\/uploads\/2019\/06\/odebrecht-fachada.jpg\" alt=\"\" width=\"1800\" height=\"1200\" srcset=\"https:\/\/elinformanteperu.com\/wp-content\/uploads\/2019\/06\/odebrecht-fachada.jpg 1800w, https:\/\/elinformanteperu.com\/wp-content\/uploads\/2019\/06\/odebrecht-fachada-300x200.jpg 300w, https:\/\/elinformanteperu.com\/wp-content\/uploads\/2019\/06\/odebrecht-fachada-768x512.jpg 768w, https:\/\/elinformanteperu.com\/wp-content\/uploads\/2019\/06\/odebrecht-fachada-1024x683.jpg 1024w, https:\/\/elinformanteperu.com\/wp-content\/uploads\/2019\/06\/odebrecht-fachada-128x85.jpg 128w, https:\/\/elinformanteperu.com\/wp-content\/uploads\/2019\/06\/odebrecht-fachada-32x21.jpg 32w\" sizes=\"(max-width: 1800px) 100vw, 1800px\" \/><\/p>\n","protected":false},"excerpt":{"rendered":"<p>El exgobernador regional de Lambayeque, Yehude Simon, fue detenido hace una semana por presunta corrupci\u00f3n. \u00bfQu\u00e9 otras exautoridades se encuentran en la misma situaci\u00f3n? Lima, 02 Marzo 2020, (ANDINA).- El exgobernador regional de Lambayeque, Yehude Simon, fue detenido hace una semana por presunta corrupci\u00f3n vinculada a la empresa Odebrecht. \u00bfQu\u00e9 otras exautoridades se encuentran en [&hellip;]<\/p>\n","protected":false},"author":1,"featured_media":65330,"comment_status":"open","ping_status":"open","sticky":false,"template":"","format":"standard","meta":{"rop_custom_images_group":[],"rop_custom_messages_group":[],"rop_publish_now":"initial","rop_publish_now_accounts":[],"rop_publish_now_history":[],"rop_publish_now_status":"pending","footnotes":""},"categories":[5,13],"tags":[854,208,853,331,206,619,74,776,4894],"class_list":["post-65709","post","type-post","status-publish","format-standard","has-post-thumbnail","hentry","category-actualidad-informativa","category-hemeroteca-virtual","tag-alan-garcia","tag-alejandro-toledo","tag-cesar-villanueva","tag-felix-moreno","tag-luis-castaneda-lossio","tag-odebrecht","tag-pedro-pablo-kuczynski","tag-susana-villaran","tag-yehude-simon"],"_links":{"self":[{"href":"https:\/\/elinformanteperu.com\/index.php\/wp-json\/wp\/v2\/posts\/65709","targetHints":{"allow":["GET"]}}],"collection":[{"href":"https:\/\/elinformanteperu.com\/index.php\/wp-json\/wp\/v2\/posts"}],"about":[{"href":"https:\/\/elinformanteperu.com\/index.php\/wp-json\/wp\/v2\/types\/post"}],"author":[{"embeddable":true,"href":"https:\/\/elinformanteperu.com\/index.php\/wp-json\/wp\/v2\/users\/1"}],"replies":[{"embeddable":true,"href":"https:\/\/elinformanteperu.com\/index.php\/wp-json\/wp\/v2\/comments?post=65709"}],"version-history":[{"count":1,"href":"https:\/\/elinformanteperu.com\/index.php\/wp-json\/wp\/v2\/posts\/65709\/revisions"}],"predecessor-version":[{"id":65710,"href":"https:\/\/elinformanteperu.com\/index.php\/wp-json\/wp\/v2\/posts\/65709\/revisions\/65710"}],"wp:featuredmedia":[{"embeddable":true,"href":"https:\/\/elinformanteperu.com\/index.php\/wp-json\/wp\/v2\/media\/65330"}],"wp:attachment":[{"href":"https:\/\/elinformanteperu.com\/index.php\/wp-json\/wp\/v2\/media?parent=65709"}],"wp:term":[{"taxonomy":"category","embeddable":true,"href":"https:\/\/elinformanteperu.com\/index.php\/wp-json\/wp\/v2\/categories?post=65709"},{"taxonomy":"post_tag","embeddable":true,"href":"https:\/\/elinformanteperu.com\/index.php\/wp-json\/wp\/v2\/tags?post=65709"}],"curies":[{"name":"wp","href":"https:\/\/api.w.org\/{rel}","templated":true}]}}