{"id":65664,"date":"2020-03-01T23:34:23","date_gmt":"2020-03-02T04:34:23","guid":{"rendered":"http:\/\/elinformanteperu.com\/?p=65664"},"modified":"2020-03-01T23:34:23","modified_gmt":"2020-03-02T04:34:23","slug":"ministerio-de-justicia-elabora-propuestas-para-modernizar-sistema-penitenciario","status":"publish","type":"post","link":"https:\/\/elinformanteperu.com\/index.php\/2020\/03\/01\/ministerio-de-justicia-elabora-propuestas-para-modernizar-sistema-penitenciario\/","title":{"rendered":"Ministerio de Justicia elabora propuestas para modernizar sistema penitenciario"},"content":{"rendered":"<p><strong><span style=\"color: #000000;\">El viceministro de Justicia, Alex Rueda Borrero, destac\u00f3 el esfuerzo del Ministerio de Justicia en la implementaci\u00f3n de pol\u00edticas penitenciarias.<\/span><\/strong><\/p>\n<p><span style=\"color: #000000;\"><strong>Lima, 01 Marzo 2020, (ANDINA).-<\/strong> El viceministro de Justicia, Alex Rueda Borrero, destac\u00f3 el esfuerzo del Ministerio de Justicia y Derechos Humanos en la implementaci\u00f3n de pol\u00edticas penitenciarias que permitan mejorar las condiciones en los penales del pa\u00eds.<\/span><\/p>\n<p><span style=\"color: #000000;\">\u201cA trav\u00e9s del Consejo para la Reforma del Sistema de Justicia, se tiene previsto trabajar propuestas que buscan modernizar el sistema penitenciario y adoptar medidas contra el hacinamiento en los penales\u201d, expres\u00f3.<\/span><\/p>\n<p><span style=\"color: #000000;\">Dijo tambi\u00e9n que el sector trabaja de manera conjunta con el Instituto Nacional Penitenciario (INPE) para impulsar medidas que permitan fortalecer el sistema penitenciario.<\/span><\/p>\n<p><span style=\"color: #000000;\">Subray\u00f3, en ese sentido, los dos decretos de urgencia aprobados, que tienen que ver con el deshacinamiento de los centros penitenciarios: el N\u00ba 018-2020, que permitir\u00e1 que internos extranjeros cumplan su condena en su lugar de origen; y el N\u00b0 008-2020, que regula la conversi\u00f3n de penas privativas de libertad por penas alternativas para los condenados por omisi\u00f3n a la asistencia familiar.<\/span><\/p>\n<p><span style=\"color: #000000;\">El viceministro particip\u00f3 esta ma\u00f1ana en la ceremonia de izamiento del pabell\u00f3n nacional y desfile c\u00edvico penitenciario por la institucionalizaci\u00f3n del D\u00eda del INPE, en la Plaza de la Bandera. <\/span><\/p>\n<p><span style=\"color: #000000;\">En la ceremonia se reconoci\u00f3 a los m\u00e1s de 11, 500 servidores y servidoras que integran el INPE, el mismo que cumpli\u00f3 35 a\u00f1os trabajando para cumplir con la reeducaci\u00f3n, readaptaci\u00f3n y reincorporaci\u00f3n a la sociedad de las personas privadas de la libertad.<\/span><\/p>\n<p><span style=\"color: #000000;\">En la actividad particip\u00f3 tambi\u00e9n el presidente del Consejo Nacional Penitenciario del INPE, C\u00e9sar C\u00e1rdenas Lizarbe, quien refiri\u00f3 que el trabajo que realizan los m\u00e1s de 11,500 trabajadores es humano, incomprendido muchas veces, pero necesario en la sociedad. Record\u00f3 que la misi\u00f3n del INPE es humanizar y dignificar para resocializar. <\/span><\/p>\n<p><span style=\"color: #000000;\">\u201cEl INPE renueva su compromiso social, su amor por la patria, su creencia y convicci\u00f3n en la importancia de construir una sociedad en donde se puedan generar contextos de inclusi\u00f3n tambi\u00e9n para las personas privadas de su libertad\u201d, refiri\u00f3.<\/span><\/p>\n","protected":false},"excerpt":{"rendered":"<p>El viceministro de Justicia, Alex Rueda Borrero, destac\u00f3 el esfuerzo del Ministerio de Justicia en la implementaci\u00f3n de pol\u00edticas penitenciarias. Lima, 01 Marzo 2020, (ANDINA).- El viceministro de Justicia, Alex Rueda Borrero, destac\u00f3 el esfuerzo del Ministerio de Justicia y Derechos Humanos en la implementaci\u00f3n de pol\u00edticas penitenciarias que permitan mejorar las condiciones en los [&hellip;]<\/p>\n","protected":false},"author":1,"featured_media":65665,"comment_status":"open","ping_status":"open","sticky":false,"template":"","format":"standard","meta":{"rop_custom_images_group":[],"rop_custom_messages_group":[],"rop_publish_now":"initial","rop_publish_now_accounts":[],"rop_publish_now_history":[],"rop_publish_now_status":"pending","footnotes":""},"categories":[5],"tags":[1012,166],"class_list":["post-65664","post","type-post","status-publish","format-standard","has-post-thumbnail","hentry","category-actualidad-informativa","tag-inpe","tag-ministerio-de-justicia"],"_links":{"self":[{"href":"https:\/\/elinformanteperu.com\/index.php\/wp-json\/wp\/v2\/posts\/65664","targetHints":{"allow":["GET"]}}],"collection":[{"href":"https:\/\/elinformanteperu.com\/index.php\/wp-json\/wp\/v2\/posts"}],"about":[{"href":"https:\/\/elinformanteperu.com\/index.php\/wp-json\/wp\/v2\/types\/post"}],"author":[{"embeddable":true,"href":"https:\/\/elinformanteperu.com\/index.php\/wp-json\/wp\/v2\/users\/1"}],"replies":[{"embeddable":true,"href":"https:\/\/elinformanteperu.com\/index.php\/wp-json\/wp\/v2\/comments?post=65664"}],"version-history":[{"count":1,"href":"https:\/\/elinformanteperu.com\/index.php\/wp-json\/wp\/v2\/posts\/65664\/revisions"}],"predecessor-version":[{"id":65666,"href":"https:\/\/elinformanteperu.com\/index.php\/wp-json\/wp\/v2\/posts\/65664\/revisions\/65666"}],"wp:featuredmedia":[{"embeddable":true,"href":"https:\/\/elinformanteperu.com\/index.php\/wp-json\/wp\/v2\/media\/65665"}],"wp:attachment":[{"href":"https:\/\/elinformanteperu.com\/index.php\/wp-json\/wp\/v2\/media?parent=65664"}],"wp:term":[{"taxonomy":"category","embeddable":true,"href":"https:\/\/elinformanteperu.com\/index.php\/wp-json\/wp\/v2\/categories?post=65664"},{"taxonomy":"post_tag","embeddable":true,"href":"https:\/\/elinformanteperu.com\/index.php\/wp-json\/wp\/v2\/tags?post=65664"}],"curies":[{"name":"wp","href":"https:\/\/api.w.org\/{rel}","templated":true}]}}