{"id":65575,"date":"2020-02-28T22:20:48","date_gmt":"2020-02-29T03:20:48","guid":{"rendered":"http:\/\/elinformanteperu.com\/?p=65575"},"modified":"2020-02-28T22:20:48","modified_gmt":"2020-02-29T03:20:48","slug":"iii-festival-insolito-la-fiesta-del-cine-de-terror-y-fantasia-vuelve-a-lima","status":"publish","type":"post","link":"https:\/\/elinformanteperu.com\/index.php\/2020\/02\/28\/iii-festival-insolito-la-fiesta-del-cine-de-terror-y-fantasia-vuelve-a-lima\/","title":{"rendered":"III Festival Ins\u00f3lito: La fiesta del cine de terror y fantas\u00eda vuelve a Lima"},"content":{"rendered":"<p><strong><span style=\"color: #000000;\">Del 25 de febrero al 1 de marzo, Lima se convertir\u00e1 en la capital del cine de terror y fantas\u00eda con la tercera edici\u00f3n del Festival Ins\u00f3lito, que este a\u00f1o vuelve con m\u00e1s sedes y m\u00e1s estrenos.<\/span><\/strong><\/p>\n<p><span style=\"color: #000000;\"><strong>Lima, 28 Febrero 2020, (El Informante Per\u00fa).-<\/strong> Del 25 de febrero al 1 de marzo, Lima se convertir\u00e1 en la capital del cine de terror y fantas\u00eda con la tercera edici\u00f3n del Festival Ins\u00f3lito, que este a\u00f1o vuelve con m\u00e1s sedes, m\u00e1s estrenos, conferencias, homenajes e invitados de lujo que llegar\u00e1n representando al cine de g\u00e9nero de Suiza, Colombia y Chile.<\/span><\/p>\n<p><span style=\"color: #000000;\">Para esta nueva edici\u00f3n postularon m\u00e1s de 1,500 producciones, entre largos y cortometrajes, de 50 pa\u00edses del mundo. Las pel\u00edculas seleccionadas se podr\u00e1n ver en las cuatro sedes del festival: Auditorio Mario Vargas Llosa de la Biblioteca Nacional, Sala Armando Robles Godoy del Ministerio de Cultura, Sala Azul del CCPUC y Cineplanet San Borja y Mall del Sur.<\/span><\/p>\n<p><span style=\"color: #000000;\">El festival cuenta cinco secciones: <strong>Competencia Internacional de Largometrajes<\/strong> (Trofeo Gato Negro a la Mejor Pel\u00edcula), <strong>Competencia Internacional de Cortometrajes<\/strong> (Gato Blanco al mejor corto), <strong>Fantas\u00edas sin reglas<\/strong> (Gato Negro a la Mejor Pel\u00edcula), <strong>Competencia Latinoamericana<\/strong> (Gato Negro a la Mejor Pel\u00edcula), <strong>Competencia Peruana<\/strong> (Gato Mestizo a Mejor Pel\u00edcula).<\/span><\/p>\n<p><span style=\"color: #000000;\">La programaci\u00f3n incluye muestras paralelas dedicadas a las filmograf\u00edas de los cineastas invitados que llegar\u00e1n para el festival: Alexandre O. Philippe (Suiza) prestigiado documentalista con pel\u00edculas que redescubren obras representativas del cine de g\u00e9nero de terror y ciencia ficci\u00f3n, como The People versus George Lucas o Leap of Faith: William Friedkin on The Exorcist, que son estrenos absolutos en vuestro medio; y Jairo Pinilla (Colombia) quien ser\u00e1 homenajeado por su trayectoria como pionero del cine de terror en Colombia y Latinoam\u00e9rica y que llega con varios estrenos como el de la pel\u00edcula en 3D, El Esp\u00edritu de la Muerte, que es su m\u00e1s reciente producci\u00f3n, entre otras. Llega tambi\u00e9n de Colombia el guionista y realizador audiovisual, Mauricio Pulido.<\/span><\/p>\n<p><span style=\"color: #000000;\">Asimismo el cineasta chileno Jorge Olgu\u00edn, otro pionero del cine de fantas\u00eda en su pa\u00eds, llegar\u00e1 para estrenar su \u00faltima pel\u00edcula \u2018La Casa\u2019. Entre los homenajes habr\u00e1 una muestra en reconocimiento de la obra y trayectoria del cineasta peruano Aldo Salvini y una presentaci\u00f3n especial del film \u2018Respira: Transg\u00e9nesis\u2019 del cineasta argentino Gabriel Grieco, de estreno absoluto en nuestro pa\u00eds. Grieco, fue uno de los ganadores de la primera edici\u00f3n del Ins\u00f3lito.<\/span><\/p>\n<p><span style=\"color: #000000;\">El III Ins\u00f3lito Festival de Cine de Terror y Fantas\u00eda est\u00e1 organizado por El \u00daltimo Cine Club, Diva Producciones y Hungry con el apoyo de la Biblioteca Nacional, la Sala Robles Godoy, el CCPUC, Cineplanet, y el auspicio de la Embajada de Suiza, Embajada de Colombia, Hotel Casa Andina Premium, Taxi Panaka, La Tiendecita Blanca, Itinerante, Barra Maretazo, Aida Sushi Bar y Movilbus.<\/span><\/p>\n<p><span style=\"color: #000000;\">Descarga nuestra programaci\u00f3n <a href=\"https:\/\/bit.ly\/2uAuK4d\"><strong>aqu\u00ed<\/strong><\/a>.<\/span><\/p>\n<p><iframe title=\"III Festival Ins\u00f3lito: La fiesta del cine de terror y fantas\u00eda vuelve a Lima\" width=\"615\" height=\"346\" src=\"https:\/\/www.youtube.com\/embed\/vNW-wNaJgf4?feature=oembed\" frameborder=\"0\" allow=\"accelerometer; autoplay; clipboard-write; encrypted-media; gyroscope; picture-in-picture; web-share\" referrerpolicy=\"strict-origin-when-cross-origin\" allowfullscreen><\/iframe><\/p>\n","protected":false},"excerpt":{"rendered":"<p>Del 25 de febrero al 1 de marzo, Lima se convertir\u00e1 en la capital del cine de terror y fantas\u00eda con la tercera edici\u00f3n del Festival Ins\u00f3lito, que este a\u00f1o vuelve con m\u00e1s sedes y m\u00e1s estrenos. Lima, 28 Febrero 2020, (El Informante Per\u00fa).- Del 25 de febrero al 1 de marzo, Lima se convertir\u00e1 [&hellip;]<\/p>\n","protected":false},"author":1,"featured_media":65576,"comment_status":"open","ping_status":"open","sticky":false,"template":"","format":"standard","meta":{"rop_custom_images_group":[],"rop_custom_messages_group":[],"rop_publish_now":"initial","rop_publish_now_accounts":[],"rop_publish_now_history":[],"rop_publish_now_status":"pending","footnotes":""},"categories":[7],"tags":[4136,5340],"class_list":["post-65575","post","type-post","status-publish","format-standard","has-post-thumbnail","hentry","category-butaca","tag-festival-insolito","tag-iii-festival-insolito"],"_links":{"self":[{"href":"https:\/\/elinformanteperu.com\/index.php\/wp-json\/wp\/v2\/posts\/65575","targetHints":{"allow":["GET"]}}],"collection":[{"href":"https:\/\/elinformanteperu.com\/index.php\/wp-json\/wp\/v2\/posts"}],"about":[{"href":"https:\/\/elinformanteperu.com\/index.php\/wp-json\/wp\/v2\/types\/post"}],"author":[{"embeddable":true,"href":"https:\/\/elinformanteperu.com\/index.php\/wp-json\/wp\/v2\/users\/1"}],"replies":[{"embeddable":true,"href":"https:\/\/elinformanteperu.com\/index.php\/wp-json\/wp\/v2\/comments?post=65575"}],"version-history":[{"count":1,"href":"https:\/\/elinformanteperu.com\/index.php\/wp-json\/wp\/v2\/posts\/65575\/revisions"}],"predecessor-version":[{"id":65577,"href":"https:\/\/elinformanteperu.com\/index.php\/wp-json\/wp\/v2\/posts\/65575\/revisions\/65577"}],"wp:featuredmedia":[{"embeddable":true,"href":"https:\/\/elinformanteperu.com\/index.php\/wp-json\/wp\/v2\/media\/65576"}],"wp:attachment":[{"href":"https:\/\/elinformanteperu.com\/index.php\/wp-json\/wp\/v2\/media?parent=65575"}],"wp:term":[{"taxonomy":"category","embeddable":true,"href":"https:\/\/elinformanteperu.com\/index.php\/wp-json\/wp\/v2\/categories?post=65575"},{"taxonomy":"post_tag","embeddable":true,"href":"https:\/\/elinformanteperu.com\/index.php\/wp-json\/wp\/v2\/tags?post=65575"}],"curies":[{"name":"wp","href":"https:\/\/api.w.org\/{rel}","templated":true}]}}