{"id":65527,"date":"2020-02-28T00:05:06","date_gmt":"2020-02-28T05:05:06","guid":{"rendered":"http:\/\/elinformanteperu.com\/?p=65527"},"modified":"2020-02-28T00:05:06","modified_gmt":"2020-02-28T05:05:06","slug":"alianza-lima-luiz-beto-da-silva-se-queda-o-se-va-del-club-victoriano","status":"publish","type":"post","link":"https:\/\/elinformanteperu.com\/index.php\/2020\/02\/28\/alianza-lima-luiz-beto-da-silva-se-queda-o-se-va-del-club-victoriano\/","title":{"rendered":"Alianza Lima: \u00bfLuiz Beto Da Silva se queda o se va del club victoriano?"},"content":{"rendered":"<p><strong><span style=\"color: #000000;\">Tras la posibilidad de que el contrato de Luiz Beto Da Silva con Alianza Lima quede resuelto por incumplimiento, se aclar\u00f3 que el transfer podr\u00eda llegar ma\u00f1ana.<\/span><\/strong><\/p>\n<p><span style=\"color: #000000;\"><strong>Lima, 27 Febrero 2020, (ANDINA).-<\/strong> Tras la posibilidad de que el contrato de Luiz Beto Da Silva con Alianza Lima quede resuelto por incumplimiento, el representante del delantero nacional, Jos\u00e9 Hanan, aclar\u00f3 que el transfer de su representado podr\u00eda llegar ma\u00f1ana y que ya se super\u00f3 un error administrativo que hizo cree que el v\u00ednculo quedaba sin efecto.<\/span><\/p>\n<p><span style=\"color: #000000;\">Hanan manifest\u00f3 que el problema administrativo entre Beto Da Silva y Alianza Lima se solucion\u00f3 r\u00e1pidamente.<\/span><\/p>\n<p><span style=\"color: #000000;\">\u00abTodo est\u00e1 solucionado. Hab\u00eda un tema administrativo sin resolver, pero la gente de Alianza Lima se port\u00f3 bien. Beto est\u00e1 entrenando y todo est\u00e1 normal\u00bb, declar\u00f3 en RPP.<\/span><\/p>\n<p><span style=\"color: #000000;\">Luego, indic\u00f3 que el inter\u00e9s de un club de la MLS por Beto Da Silva no es de ahora, sino de hace un tiempo atr\u00e1s. Y aclar\u00f3 que la intenci\u00f3n del delantero siempre fue regresar a nuestro pa\u00eds.<\/span><\/p>\n<p><span style=\"color: #000000;\">\u00abLa posibilidad de la MLS viene de mucho tiempo atr\u00e1s. Desde el primer momento, Beto quer\u00eda volver al Per\u00fa. Quiero recuperar su nivel deportivo, tener minutos y jugar Copa Libertadores\u00bb, se\u00f1al\u00f3.<\/span><\/p>\n<p><span style=\"color: #000000;\">Sobre la carta de Beto Da Silva para que pueda debutar con la camiseta de Alianza Lima, se\u00f1al\u00f3 que debe llegar a m\u00e1s tardar ma\u00f1ana.<\/span><\/p>\n<p><span style=\"color: #000000;\">\u00abCreo que el pase de Beto debe llegar ma\u00f1ana, es cuesti\u00f3n de horas. Recuerden que FIFA est\u00e1 en Suiza y hay un tema con La Coru\u00f1a. Tenemos 7 horas de diferencia. Para firmar cada papel es un d\u00eda perdido. Por eso se demor\u00f3 el transfer. Entre ma\u00f1ana y el s\u00e1bado debe estar registrado para todas las competiciones oficiales. Alianza tiene la mitad del pase y tiene contrato por 3 a\u00f1os\u00bb.<\/span><\/p>\n<p><img fetchpriority=\"high\" decoding=\"async\" class=\"aligncenter size-full wp-image-64493\" src=\"http:\/\/elinformanteperu.com\/wp-content\/uploads\/2020\/02\/beto-da-silva3.jpg\" alt=\"\" width=\"1800\" height=\"1013\" srcset=\"https:\/\/elinformanteperu.com\/wp-content\/uploads\/2020\/02\/beto-da-silva3.jpg 1800w, https:\/\/elinformanteperu.com\/wp-content\/uploads\/2020\/02\/beto-da-silva3-300x169.jpg 300w, https:\/\/elinformanteperu.com\/wp-content\/uploads\/2020\/02\/beto-da-silva3-1024x576.jpg 1024w, https:\/\/elinformanteperu.com\/wp-content\/uploads\/2020\/02\/beto-da-silva3-768x432.jpg 768w, https:\/\/elinformanteperu.com\/wp-content\/uploads\/2020\/02\/beto-da-silva3-1536x864.jpg 1536w, https:\/\/elinformanteperu.com\/wp-content\/uploads\/2020\/02\/beto-da-silva3-128x72.jpg 128w, https:\/\/elinformanteperu.com\/wp-content\/uploads\/2020\/02\/beto-da-silva3-32x18.jpg 32w, https:\/\/elinformanteperu.com\/wp-content\/uploads\/2020\/02\/beto-da-silva3-620x350.jpg 620w, https:\/\/elinformanteperu.com\/wp-content\/uploads\/2020\/02\/beto-da-silva3-935x526.jpg 935w\" sizes=\"(max-width: 1800px) 100vw, 1800px\" \/><\/p>\n","protected":false},"excerpt":{"rendered":"<p>Tras la posibilidad de que el contrato de Luiz Beto Da Silva con Alianza Lima quede resuelto por incumplimiento, se aclar\u00f3 que el transfer podr\u00eda llegar ma\u00f1ana. Lima, 27 Febrero 2020, (ANDINA).- Tras la posibilidad de que el contrato de Luiz Beto Da Silva con Alianza Lima quede resuelto por incumplimiento, el representante del delantero [&hellip;]<\/p>\n","protected":false},"author":1,"featured_media":65528,"comment_status":"open","ping_status":"open","sticky":false,"template":"","format":"standard","meta":{"rop_custom_images_group":[],"rop_custom_messages_group":[],"rop_publish_now":"initial","rop_publish_now_accounts":[],"rop_publish_now_history":[],"rop_publish_now_status":"pending","footnotes":""},"categories":[8],"tags":[91,2698],"class_list":["post-65527","post","type-post","status-publish","format-standard","has-post-thumbnail","hentry","category-disciplinas-deportivas","tag-alianza-lima","tag-beto-da-silva"],"_links":{"self":[{"href":"https:\/\/elinformanteperu.com\/index.php\/wp-json\/wp\/v2\/posts\/65527","targetHints":{"allow":["GET"]}}],"collection":[{"href":"https:\/\/elinformanteperu.com\/index.php\/wp-json\/wp\/v2\/posts"}],"about":[{"href":"https:\/\/elinformanteperu.com\/index.php\/wp-json\/wp\/v2\/types\/post"}],"author":[{"embeddable":true,"href":"https:\/\/elinformanteperu.com\/index.php\/wp-json\/wp\/v2\/users\/1"}],"replies":[{"embeddable":true,"href":"https:\/\/elinformanteperu.com\/index.php\/wp-json\/wp\/v2\/comments?post=65527"}],"version-history":[{"count":1,"href":"https:\/\/elinformanteperu.com\/index.php\/wp-json\/wp\/v2\/posts\/65527\/revisions"}],"predecessor-version":[{"id":65529,"href":"https:\/\/elinformanteperu.com\/index.php\/wp-json\/wp\/v2\/posts\/65527\/revisions\/65529"}],"wp:featuredmedia":[{"embeddable":true,"href":"https:\/\/elinformanteperu.com\/index.php\/wp-json\/wp\/v2\/media\/65528"}],"wp:attachment":[{"href":"https:\/\/elinformanteperu.com\/index.php\/wp-json\/wp\/v2\/media?parent=65527"}],"wp:term":[{"taxonomy":"category","embeddable":true,"href":"https:\/\/elinformanteperu.com\/index.php\/wp-json\/wp\/v2\/categories?post=65527"},{"taxonomy":"post_tag","embeddable":true,"href":"https:\/\/elinformanteperu.com\/index.php\/wp-json\/wp\/v2\/tags?post=65527"}],"curies":[{"name":"wp","href":"https:\/\/api.w.org\/{rel}","templated":true}]}}