{"id":65505,"date":"2020-02-27T00:54:49","date_gmt":"2020-02-27T05:54:49","guid":{"rendered":"http:\/\/elinformanteperu.com\/?p=65505"},"modified":"2020-02-27T00:54:49","modified_gmt":"2020-02-27T05:54:49","slug":"josef-maiman-pago-us-400-mil-como-primera-cuota-de-reparacion-civil","status":"publish","type":"post","link":"https:\/\/elinformanteperu.com\/index.php\/2020\/02\/27\/josef-maiman-pago-us-400-mil-como-primera-cuota-de-reparacion-civil\/","title":{"rendered":"Josef Maiman pag\u00f3 U$S 400 mil como primera cuota de reparaci\u00f3n civil"},"content":{"rendered":"<p><strong><span style=\"color: #000000;\">El empresario peruano-israel\u00ed Josef Maiman Rapaport pag\u00f3 US$ 400 mil como primera cuota de una reparaci\u00f3n civil de US$ 2 millones.<\/span><\/strong><\/p>\n<p><span style=\"color: #000000;\"><strong>Lima, 26 Febrero 2020, (ANDINA).<\/strong>&#8211; El empresario peruano-israel\u00ed Josef Maiman Rapaport pag\u00f3 US$ 400 mil como primera cuota de una reparaci\u00f3n civil de US$ 2 millones, inform\u00f3 la nueva procuradora Ad Hoc para el caso Lava Jato Silvana Carri\u00f3n.<\/span><\/p>\n<p><span style=\"color: #000000;\">\u00abJustamente la semana pasada se nos inform\u00f3 que el se\u00f1or Maiman ya cumpli\u00f3 con el pago la primera cuota de reparaci\u00f3n civil\u00bb, dijo Carri\u00f3n en entrevista con RPP.<\/span><\/p>\n<p><span style=\"color: #000000;\">La reparaci\u00f3n civil de Maiman Rapaport forma parte del acuerdo de colaboraci\u00f3n eficaz suscrito con el Ministerio P\u00fablico.<\/span><\/p>\n<p><span style=\"color: #000000;\">El convenio, que se firm\u00f3 en Israel el a\u00f1o pasado, se da en el marco de las investigaciones seguidas al expresidente Alejandro Toledo por los casos carretera Interoce\u00e1nica Sur, tramos II y III, Camargo Correa y el caso Ecoteva.<\/span><\/p>\n<p><span style=\"color: #000000;\">Carri\u00f3n inform\u00f3 tambi\u00e9n que respecto al caso Interoce\u00e1nica, por el cual existe un pedido de extradici\u00f3n de Toledo Manrique, en Estados Unidos, la Procuradur\u00eda ha planteado un pedido de reparaci\u00f3n civil preliminar de 500 millones de soles.<\/span><\/p>\n<p><span style=\"color: #000000;\">En cuanto al caso Ecoteva, en el cual la Corte Suprema debe resolver un segundo pedido de exradici\u00f3n para el exmandatario, la funcionaria dijo que la Procuradur\u00eda est\u00e1 calculando el monto del pedido de reparaci\u00f3n civil.<\/span><\/p>\n<p><span style=\"color: #000000;\">La abogada del Estado destac\u00f3 que el mecanismo de la colaboraci\u00f3n eficaz ha dado buenos resultado en el pa\u00eds, pese a las cr\u00edticas porque supone negociaciones con personas que han delinquido.<\/span><\/p>\n<p><span style=\"color: #000000;\">\u00abLos procesos de colaboraci\u00f3n eficaz no son los m\u00e1s populares, pero son instrumentos t\u00e9cnico legales(&#8230;) es cierto que el Per\u00fa despu\u00e9s de Brasil es el segundos pa\u00eds que mas resultado obtenido en el caso Lava Jato y buena parte de estos resultados es por la colaboraci\u00f3n eficaz\u00bb, refiri\u00f3.<\/span><\/p>\n","protected":false},"excerpt":{"rendered":"<p>El empresario peruano-israel\u00ed Josef Maiman Rapaport pag\u00f3 US$ 400 mil como primera cuota de una reparaci\u00f3n civil de US$ 2 millones. Lima, 26 Febrero 2020, (ANDINA).&#8211; El empresario peruano-israel\u00ed Josef Maiman Rapaport pag\u00f3 US$ 400 mil como primera cuota de una reparaci\u00f3n civil de US$ 2 millones, inform\u00f3 la nueva procuradora Ad Hoc para el [&hellip;]<\/p>\n","protected":false},"author":1,"featured_media":46531,"comment_status":"open","ping_status":"open","sticky":false,"template":"","format":"standard","meta":{"rop_custom_images_group":[],"rop_custom_messages_group":[],"rop_publish_now":"initial","rop_publish_now_accounts":[],"rop_publish_now_history":[],"rop_publish_now_status":"pending","footnotes":""},"categories":[5],"tags":[208,1066,1955,4738],"class_list":["post-65505","post","type-post","status-publish","format-standard","has-post-thumbnail","hentry","category-actualidad-informativa","tag-alejandro-toledo","tag-ecoteva","tag-josef-maiman","tag-silvana-carrion"],"_links":{"self":[{"href":"https:\/\/elinformanteperu.com\/index.php\/wp-json\/wp\/v2\/posts\/65505","targetHints":{"allow":["GET"]}}],"collection":[{"href":"https:\/\/elinformanteperu.com\/index.php\/wp-json\/wp\/v2\/posts"}],"about":[{"href":"https:\/\/elinformanteperu.com\/index.php\/wp-json\/wp\/v2\/types\/post"}],"author":[{"embeddable":true,"href":"https:\/\/elinformanteperu.com\/index.php\/wp-json\/wp\/v2\/users\/1"}],"replies":[{"embeddable":true,"href":"https:\/\/elinformanteperu.com\/index.php\/wp-json\/wp\/v2\/comments?post=65505"}],"version-history":[{"count":1,"href":"https:\/\/elinformanteperu.com\/index.php\/wp-json\/wp\/v2\/posts\/65505\/revisions"}],"predecessor-version":[{"id":65506,"href":"https:\/\/elinformanteperu.com\/index.php\/wp-json\/wp\/v2\/posts\/65505\/revisions\/65506"}],"wp:featuredmedia":[{"embeddable":true,"href":"https:\/\/elinformanteperu.com\/index.php\/wp-json\/wp\/v2\/media\/46531"}],"wp:attachment":[{"href":"https:\/\/elinformanteperu.com\/index.php\/wp-json\/wp\/v2\/media?parent=65505"}],"wp:term":[{"taxonomy":"category","embeddable":true,"href":"https:\/\/elinformanteperu.com\/index.php\/wp-json\/wp\/v2\/categories?post=65505"},{"taxonomy":"post_tag","embeddable":true,"href":"https:\/\/elinformanteperu.com\/index.php\/wp-json\/wp\/v2\/tags?post=65505"}],"curies":[{"name":"wp","href":"https:\/\/api.w.org\/{rel}","templated":true}]}}