{"id":65495,"date":"2020-02-27T00:44:27","date_gmt":"2020-02-27T05:44:27","guid":{"rendered":"http:\/\/elinformanteperu.com\/?p=65495"},"modified":"2020-02-27T00:44:27","modified_gmt":"2020-02-27T05:44:27","slug":"carlos-barrientos-gonzales-es-nombrado-presidente-de-petroperu","status":"publish","type":"post","link":"https:\/\/elinformanteperu.com\/index.php\/2020\/02\/27\/carlos-barrientos-gonzales-es-nombrado-presidente-de-petroperu\/","title":{"rendered":"Carlos Barrientos Gonzales es nombrado presidente de Petroper\u00fa"},"content":{"rendered":"<p><strong><span style=\"color: #000000;\">La Junta General de Accionistas de Petroper\u00fa nombr\u00f3 a Carlos Alfredo Barrientos Gonzales como presidente (i) del directorio de la petrolera estatal.<\/span><\/strong><\/p>\n<p><span style=\"color: #000000;\"><strong>Lima, 26 Febrero 2020, (ANDINA).-<\/strong> La Junta General de Accionistas de Petroper\u00fa nombr\u00f3 a Carlos Alfredo Barrientos Gonzales como presidente (i) del directorio de la petrolera estatal.<\/span><\/p>\n<p><span style=\"color: #000000;\">Barrientos Gonzales, quien ven\u00eda desempe\u00f1\u00e1ndose desde el 5 de agosto de 2019 como Gerente General de Petroper\u00fa, cuenta con m\u00e1s de 23 a\u00f1os de trayectoria profesional en direcci\u00f3n general de empresas.<\/span><\/p>\n<p><span style=\"color: #000000;\">Durante esos a\u00f1os ha ocupado posiciones de miembro del directorio, gerencia general, gerencias y jefaturas.<\/span><\/p>\n<p><span style=\"color: #000000;\">El funcionario es adem\u00e1s mag\u00edster en Administraci\u00f3n Estrat\u00e9gica de Empresas, por la Pontificia Universidad Cat\u00f3lica del Per\u00fa.<\/span><\/p>\n<p><span style=\"color: #000000;\">Asimismo, ha participado en el Programa de Alta Direcci\u00f3n (PAD) de la Universidad de Piura y en el \u201cCEO Management Program\u201d de la Northwestern University \u2013 Kellogg School of Management, en Illinois, EEUU.<\/span><\/p>\n","protected":false},"excerpt":{"rendered":"<p>La Junta General de Accionistas de Petroper\u00fa nombr\u00f3 a Carlos Alfredo Barrientos Gonzales como presidente (i) del directorio de la petrolera estatal. Lima, 26 Febrero 2020, (ANDINA).- La Junta General de Accionistas de Petroper\u00fa nombr\u00f3 a Carlos Alfredo Barrientos Gonzales como presidente (i) del directorio de la petrolera estatal. Barrientos Gonzales, quien ven\u00eda desempe\u00f1\u00e1ndose desde [&hellip;]<\/p>\n","protected":false},"author":1,"featured_media":65496,"comment_status":"open","ping_status":"open","sticky":false,"template":"","format":"standard","meta":{"rop_custom_images_group":[],"rop_custom_messages_group":[],"rop_publish_now":"initial","rop_publish_now_accounts":[],"rop_publish_now_history":[],"rop_publish_now_status":"pending","footnotes":""},"categories":[5],"tags":[5335,2160],"class_list":["post-65495","post","type-post","status-publish","format-standard","has-post-thumbnail","hentry","category-actualidad-informativa","tag-carlos-alfredo-barrientos","tag-petroperu"],"_links":{"self":[{"href":"https:\/\/elinformanteperu.com\/index.php\/wp-json\/wp\/v2\/posts\/65495","targetHints":{"allow":["GET"]}}],"collection":[{"href":"https:\/\/elinformanteperu.com\/index.php\/wp-json\/wp\/v2\/posts"}],"about":[{"href":"https:\/\/elinformanteperu.com\/index.php\/wp-json\/wp\/v2\/types\/post"}],"author":[{"embeddable":true,"href":"https:\/\/elinformanteperu.com\/index.php\/wp-json\/wp\/v2\/users\/1"}],"replies":[{"embeddable":true,"href":"https:\/\/elinformanteperu.com\/index.php\/wp-json\/wp\/v2\/comments?post=65495"}],"version-history":[{"count":1,"href":"https:\/\/elinformanteperu.com\/index.php\/wp-json\/wp\/v2\/posts\/65495\/revisions"}],"predecessor-version":[{"id":65497,"href":"https:\/\/elinformanteperu.com\/index.php\/wp-json\/wp\/v2\/posts\/65495\/revisions\/65497"}],"wp:featuredmedia":[{"embeddable":true,"href":"https:\/\/elinformanteperu.com\/index.php\/wp-json\/wp\/v2\/media\/65496"}],"wp:attachment":[{"href":"https:\/\/elinformanteperu.com\/index.php\/wp-json\/wp\/v2\/media?parent=65495"}],"wp:term":[{"taxonomy":"category","embeddable":true,"href":"https:\/\/elinformanteperu.com\/index.php\/wp-json\/wp\/v2\/categories?post=65495"},{"taxonomy":"post_tag","embeddable":true,"href":"https:\/\/elinformanteperu.com\/index.php\/wp-json\/wp\/v2\/tags?post=65495"}],"curies":[{"name":"wp","href":"https:\/\/api.w.org\/{rel}","templated":true}]}}