{"id":65492,"date":"2020-02-27T00:41:18","date_gmt":"2020-02-27T05:41:18","guid":{"rendered":"http:\/\/elinformanteperu.com\/?p=65492"},"modified":"2020-02-27T00:41:18","modified_gmt":"2020-02-27T05:41:18","slug":"gerardo-sepulveda-tendre-que-seguir-con-mi-vida-dentro-de-peru","status":"publish","type":"post","link":"https:\/\/elinformanteperu.com\/index.php\/2020\/02\/27\/gerardo-sepulveda-tendre-que-seguir-con-mi-vida-dentro-de-peru\/","title":{"rendered":"Gerardo Sep\u00falveda: Tendr\u00e9 que seguir con mi vida dentro de Per\u00fa"},"content":{"rendered":"<p><strong><span style=\"color: #000000;\">El empresario chileno Gerardo Sep\u00falveda dijo que tendr\u00e1 que seguir con su vida dentro de Per\u00fa, al comentar los dos meses de impedimento de salida del pa\u00eds que se le impuso.<\/span><\/strong><\/p>\n<p><span style=\"color: #000000;\"><strong>Lima, 26 Febrero 2020, (ANDINA).-<\/strong> El empresario chileno Gerardo Sep\u00falveda dijo que tendr\u00e1 que seguir con su vida dentro de Per\u00fa, al comentar los dos meses de impedimento de salida del pa\u00eds que le impuso el juez Richard Concepci\u00f3n Carhuancho.<\/span><\/p>\n<p><span style=\"color: #000000;\">\u00abTodos tenemos que seguir con nuestras vidas, desafortunadamente voy a tener que seguir con la m\u00eda por algunos d\u00edas dentro de Per\u00fa\u00bb, declar\u00f3 a la prensa tras concluir la audiencia judicial.<\/span><\/p>\n<p><span style=\"color: #000000;\">Concepci\u00f3n Carhuancho declar\u00f3 hoy fundado el requerimiento fiscal de impedimento de salida del pa\u00eds por dos meses para el empresario chileno, testigo en el caso Interoce\u00e1nica Sur.<\/span><\/p>\n<p><span style=\"color: #000000;\">La medida, que concluir\u00e1 el 25 de abril de 2020, fue dispuesta a solicitud del fiscal del equipo especial Lava Jato, Jos\u00e9 Domingo P\u00e9rez, quien hab\u00eda planteado tres meses.<\/span><\/p>\n<p><span style=\"color: #000000;\">El Ministerio P\u00fablico inform\u00f3 que apelar\u00e1 la resoluci\u00f3n en relaci\u00f3n al plazo; la defensa t\u00e9cnica har\u00e1 lo propio pues aspiraban a que la medida sea declarada infundada.<\/span><\/p>\n<p><span style=\"color: #000000;\">Seg\u00fan el juez, la declaraci\u00f3n de Sep\u00falveda resulta indispensable para la averiguaci\u00f3n de la verdad en los hechos que son materia de investigaci\u00f3n del caso Interoce\u00e1nica.<\/span><\/p>\n","protected":false},"excerpt":{"rendered":"<p>El empresario chileno Gerardo Sep\u00falveda dijo que tendr\u00e1 que seguir con su vida dentro de Per\u00fa, al comentar los dos meses de impedimento de salida del pa\u00eds que se le impuso. Lima, 26 Febrero 2020, (ANDINA).- El empresario chileno Gerardo Sep\u00falveda dijo que tendr\u00e1 que seguir con su vida dentro de Per\u00fa, al comentar los [&hellip;]<\/p>\n","protected":false},"author":1,"featured_media":65493,"comment_status":"open","ping_status":"open","sticky":false,"template":"","format":"standard","meta":{"rop_custom_images_group":[],"rop_custom_messages_group":[],"rop_publish_now":"initial","rop_publish_now_accounts":[],"rop_publish_now_history":[],"rop_publish_now_status":"pending","footnotes":""},"categories":[5],"tags":[2574,163,297],"class_list":["post-65492","post","type-post","status-publish","format-standard","has-post-thumbnail","hentry","category-actualidad-informativa","tag-gerardo-sepulveda","tag-poder-judicial","tag-richard-concepcion-carhuancho"],"_links":{"self":[{"href":"https:\/\/elinformanteperu.com\/index.php\/wp-json\/wp\/v2\/posts\/65492","targetHints":{"allow":["GET"]}}],"collection":[{"href":"https:\/\/elinformanteperu.com\/index.php\/wp-json\/wp\/v2\/posts"}],"about":[{"href":"https:\/\/elinformanteperu.com\/index.php\/wp-json\/wp\/v2\/types\/post"}],"author":[{"embeddable":true,"href":"https:\/\/elinformanteperu.com\/index.php\/wp-json\/wp\/v2\/users\/1"}],"replies":[{"embeddable":true,"href":"https:\/\/elinformanteperu.com\/index.php\/wp-json\/wp\/v2\/comments?post=65492"}],"version-history":[{"count":1,"href":"https:\/\/elinformanteperu.com\/index.php\/wp-json\/wp\/v2\/posts\/65492\/revisions"}],"predecessor-version":[{"id":65494,"href":"https:\/\/elinformanteperu.com\/index.php\/wp-json\/wp\/v2\/posts\/65492\/revisions\/65494"}],"wp:featuredmedia":[{"embeddable":true,"href":"https:\/\/elinformanteperu.com\/index.php\/wp-json\/wp\/v2\/media\/65493"}],"wp:attachment":[{"href":"https:\/\/elinformanteperu.com\/index.php\/wp-json\/wp\/v2\/media?parent=65492"}],"wp:term":[{"taxonomy":"category","embeddable":true,"href":"https:\/\/elinformanteperu.com\/index.php\/wp-json\/wp\/v2\/categories?post=65492"},{"taxonomy":"post_tag","embeddable":true,"href":"https:\/\/elinformanteperu.com\/index.php\/wp-json\/wp\/v2\/tags?post=65492"}],"curies":[{"name":"wp","href":"https:\/\/api.w.org\/{rel}","templated":true}]}}