{"id":65489,"date":"2020-02-27T00:38:32","date_gmt":"2020-02-27T05:38:32","guid":{"rendered":"http:\/\/elinformanteperu.com\/?p=65489"},"modified":"2020-02-27T00:38:32","modified_gmt":"2020-02-27T05:38:32","slug":"juez-dicta-impedimento-de-salida-del-pais-para-gerardo-sepulveda","status":"publish","type":"post","link":"https:\/\/elinformanteperu.com\/index.php\/2020\/02\/27\/juez-dicta-impedimento-de-salida-del-pais-para-gerardo-sepulveda\/","title":{"rendered":"Juez dicta impedimento de salida del pa\u00eds para Gerardo Sep\u00falveda"},"content":{"rendered":"<p><strong><span style=\"color: #000000;\">El juez Richard Concepci\u00f3n Carhuancho declar\u00f3 fundado el requerimiento fiscal de impedimento de salida del pa\u00eds para el empresario chileno Gerardo Sep\u00falveda.<\/span><\/strong><\/p>\n<p><span style=\"color: #000000;\"><strong>Lima, 26 Febrero 2020, (ANDINA).-<\/strong> El juez Richard Concepci\u00f3n Carhuancho declar\u00f3 hoy fundado el requerimiento fiscal de impedimento de salida del pa\u00eds por un plazo de dos meses para el empresario chileno Gerardo Sep\u00falveda, en su calidad de testigo en el caso Interoce\u00e1nica Sur.<\/span><\/p>\n<p><span style=\"color: #000000;\">La medida, que concluir\u00e1 el 25 de abril de 2020, fue dispuesta a solicitud del fiscal del equipo especial Lava Jato, Jos\u00e9 Domingo P\u00e9rez, quien hab\u00eda planteado tres meses.<\/span><\/p>\n<p><span style=\"color: #000000;\">El Ministerio P\u00fablico inform\u00f3 que apelar\u00e1 la resoluci\u00f3n en relaci\u00f3n al plazo; la defensa t\u00e9cnica har\u00e1 lo propio considerando que aspiraban a que la medida sea declarada infundada.<\/span><\/p>\n<p><span style=\"color: #000000;\">Seg\u00fan el juez, la declaraci\u00f3n de Sep\u00falveda resulta indispensable para la averiguaci\u00f3n de la verdad en los hechos que son materia de investigaci\u00f3n del caso Interoce\u00e1nica.<\/span><\/p>\n<p><span style=\"color: #000000;\">Dichos hechos, record\u00f3, se ciernen sobre presunto pacto que hubo entre el expresidente Alejandro Toledo y la empresa brasile\u00f1a Odebrecht para favorecerla en la buena pro de la carretera Interoce\u00e1nica a cambio de un pago il\u00edcito.<\/span><\/p>\n<p><span style=\"color: #000000;\">\u00abExiste vinculaci\u00f3n entre los hechos que va a declarar como testigo y los hechos materia de investigaci\u00f3n\u00bb, subray\u00f3 tras insistir en que lo que declare Sep\u00falveda ser\u00e1 \u00abclave, relevante e imprescindible\u00bb.<\/span><\/p>\n<p><span style=\"color: #000000;\">De igual forma, consider\u00f3 id\u00f3nea, necesaria y proporcional la medida de impedimento de salida del pa\u00eds, a fin de asegurar su presencia en el Per\u00fa.<\/span><\/p>\n<p>https:\/\/www.facebook.com\/justiciatv\/videos\/1067109950325827\/<\/p>\n","protected":false},"excerpt":{"rendered":"<p>El juez Richard Concepci\u00f3n Carhuancho declar\u00f3 fundado el requerimiento fiscal de impedimento de salida del pa\u00eds para el empresario chileno Gerardo Sep\u00falveda. Lima, 26 Febrero 2020, (ANDINA).- El juez Richard Concepci\u00f3n Carhuancho declar\u00f3 hoy fundado el requerimiento fiscal de impedimento de salida del pa\u00eds por un plazo de dos meses para el empresario chileno Gerardo [&hellip;]<\/p>\n","protected":false},"author":1,"featured_media":65490,"comment_status":"open","ping_status":"open","sticky":false,"template":"","format":"standard","meta":{"rop_custom_images_group":[],"rop_custom_messages_group":[],"rop_publish_now":"initial","rop_publish_now_accounts":[],"rop_publish_now_history":[],"rop_publish_now_status":"pending","footnotes":""},"categories":[5],"tags":[2574,163,297],"class_list":["post-65489","post","type-post","status-publish","format-standard","has-post-thumbnail","hentry","category-actualidad-informativa","tag-gerardo-sepulveda","tag-poder-judicial","tag-richard-concepcion-carhuancho"],"_links":{"self":[{"href":"https:\/\/elinformanteperu.com\/index.php\/wp-json\/wp\/v2\/posts\/65489","targetHints":{"allow":["GET"]}}],"collection":[{"href":"https:\/\/elinformanteperu.com\/index.php\/wp-json\/wp\/v2\/posts"}],"about":[{"href":"https:\/\/elinformanteperu.com\/index.php\/wp-json\/wp\/v2\/types\/post"}],"author":[{"embeddable":true,"href":"https:\/\/elinformanteperu.com\/index.php\/wp-json\/wp\/v2\/users\/1"}],"replies":[{"embeddable":true,"href":"https:\/\/elinformanteperu.com\/index.php\/wp-json\/wp\/v2\/comments?post=65489"}],"version-history":[{"count":1,"href":"https:\/\/elinformanteperu.com\/index.php\/wp-json\/wp\/v2\/posts\/65489\/revisions"}],"predecessor-version":[{"id":65491,"href":"https:\/\/elinformanteperu.com\/index.php\/wp-json\/wp\/v2\/posts\/65489\/revisions\/65491"}],"wp:featuredmedia":[{"embeddable":true,"href":"https:\/\/elinformanteperu.com\/index.php\/wp-json\/wp\/v2\/media\/65490"}],"wp:attachment":[{"href":"https:\/\/elinformanteperu.com\/index.php\/wp-json\/wp\/v2\/media?parent=65489"}],"wp:term":[{"taxonomy":"category","embeddable":true,"href":"https:\/\/elinformanteperu.com\/index.php\/wp-json\/wp\/v2\/categories?post=65489"},{"taxonomy":"post_tag","embeddable":true,"href":"https:\/\/elinformanteperu.com\/index.php\/wp-json\/wp\/v2\/tags?post=65489"}],"curies":[{"name":"wp","href":"https:\/\/api.w.org\/{rel}","templated":true}]}}