{"id":65487,"date":"2020-02-27T00:36:29","date_gmt":"2020-02-27T05:36:29","guid":{"rendered":"http:\/\/elinformanteperu.com\/?p=65487"},"modified":"2020-02-27T01:27:05","modified_gmt":"2020-02-27T06:27:05","slug":"alan-garcia-mando-directivas-para-proteger-a-brasilenos-de-odebrecht","status":"publish","type":"post","link":"https:\/\/elinformanteperu.com\/index.php\/2020\/02\/27\/alan-garcia-mando-directivas-para-proteger-a-brasilenos-de-odebrecht\/","title":{"rendered":"Abogado de Nava: Alan Garc\u00eda mand\u00f3 directivas para proteger a brasile\u00f1os de Odebrecht"},"content":{"rendered":"<p><strong><span style=\"color: #000000;\">Ra\u00fal Noblecilla, defensa legal de Luis Nava Guibert, asegur\u00f3 que Alan Garc\u00eda envi\u00f3 a trav\u00e9s de mensajes de WhatsApp una serie de directivas con la finalidad de proteger \u00aba los brasile\u00f1os\u00bb.<\/span><\/strong><\/p>\n<p><span style=\"color: #000000;\"><strong>Lima, 26 Febrero 2020, (ANDINA).-<\/strong> Ra\u00fal Noblecilla, defensa legal de Luis Nava Guibert, asegur\u00f3 que Alan Garc\u00eda envi\u00f3 a trav\u00e9s de mensajes de WhatsApp una serie de directivas con la finalidad de proteger \u00aba los brasile\u00f1os\u00bb vinculados con la investigaci\u00f3n a la empresa Odebrecht.<\/span><\/p>\n<p><span style=\"color: #000000;\">Dijo que esta informaci\u00f3n la tienen no solo mediante estas comunicaciones v\u00eda las redes sociales, \u00absino a trav\u00e9s de otras formas\u00bb, por lo que inst\u00f3 a esperar a que salgan todas esas pruebas.<\/span><\/p>\n<p><span style=\"color: #000000;\">\u00abEsta arma letal que mand\u00f3 a disparar el abogado Humberto Abanto les ha dado en la nuca, \u00bfpor qu\u00e9 te lo digo?, porque estar\u00edan por aparecer documentos anteriores a la novela Roxanne (Chessman)-(Jorge) Barata que van a dar cuenta de que Alan Garc\u00eda, quince d\u00edas antes de que tomara la decisi\u00f3n de irse, hablaba y mandaba mensajes para ayudar a los brasile\u00f1os e instar a buscar la forma de apoyarlos\u00bb, dijo en Radio Nacional.<\/span><\/p>\n<p><span style=\"color: #000000;\">Seg\u00fan Noblecilla, Garc\u00eda P\u00e9rez antes de suicidarse mostraba \u00abp\u00e1nico y preocupaci\u00f3n extrema\u00bb sobre las indagaciones que se desarrollaban en torno a su situaci\u00f3n y su v\u00ednculo con la empresa Odebrecht.<\/span><\/p>\n<p><span style=\"color: #000000;\">\u00abEstas pruebas saldr\u00e1n a su tiempo\u00bb, adelant\u00f3.<\/span><\/p>\n<p><span style=\"color: #000000;\">En otro momento, precis\u00f3 que Nava Guibert recibi\u00f3 amenazas de muerte desde que estuvo en el penal Castro Castro, por parte de la Resistencia y de un sector del partido aprista.<\/span><\/p>\n<p><span style=\"color: #000000;\">\u00abEn este documento, en que comunicamos a (el fiscal) Jos\u00e9 Domingo P\u00e9rez de la posible conformaci\u00f3n de una organizaci\u00f3n criminal, solicitamos una vez m\u00e1s la necesidad de protecci\u00f3n a mi patrocinado, urgente, no solo para Nava e hijos, sino tambi\u00e9n para mi familia\u00bb, agreg\u00f3.<\/span><\/p>\n<p><span style=\"color: #000000;\">Noblecilla agreg\u00f3 que Alan Garc\u00eda muri\u00f3 abandonado por sus hijos -quienes ahora reclaman salvarlo de la historia-, dej\u00e1ndolo solo en su casa y con una pistola.<\/span><\/p>\n<p><iframe title=\"Luis Nava tendr\u00eda chats en las que Alan Garc\u00eda busc\u00f3 interceder por brasile\u00f1os de Odebrecht\" width=\"615\" height=\"346\" src=\"https:\/\/www.youtube.com\/embed\/vyEro3Cb4bE?feature=oembed\" frameborder=\"0\" allow=\"accelerometer; autoplay; clipboard-write; encrypted-media; gyroscope; picture-in-picture; web-share\" referrerpolicy=\"strict-origin-when-cross-origin\" allowfullscreen><\/iframe><\/p>\n","protected":false},"excerpt":{"rendered":"<p>Ra\u00fal Noblecilla, defensa legal de Luis Nava Guibert, asegur\u00f3 que Alan Garc\u00eda envi\u00f3 a trav\u00e9s de mensajes de WhatsApp una serie de directivas con la finalidad de proteger \u00aba los brasile\u00f1os\u00bb. Lima, 26 Febrero 2020, (ANDINA).- Ra\u00fal Noblecilla, defensa legal de Luis Nava Guibert, asegur\u00f3 que Alan Garc\u00eda envi\u00f3 a trav\u00e9s de mensajes de WhatsApp [&hellip;]<\/p>\n","protected":false},"author":1,"featured_media":47240,"comment_status":"open","ping_status":"open","sticky":false,"template":"","format":"standard","meta":{"rop_custom_images_group":[],"rop_custom_messages_group":[],"rop_publish_now":"initial","rop_publish_now_accounts":[],"rop_publish_now_history":[],"rop_publish_now_status":"pending","footnotes":""},"categories":[5],"tags":[854,4339,619,5334],"class_list":["post-65487","post","type-post","status-publish","format-standard","has-post-thumbnail","hentry","category-actualidad-informativa","tag-alan-garcia","tag-luis-nava-guibert","tag-odebrecht","tag-raul-noblecilla"],"_links":{"self":[{"href":"https:\/\/elinformanteperu.com\/index.php\/wp-json\/wp\/v2\/posts\/65487","targetHints":{"allow":["GET"]}}],"collection":[{"href":"https:\/\/elinformanteperu.com\/index.php\/wp-json\/wp\/v2\/posts"}],"about":[{"href":"https:\/\/elinformanteperu.com\/index.php\/wp-json\/wp\/v2\/types\/post"}],"author":[{"embeddable":true,"href":"https:\/\/elinformanteperu.com\/index.php\/wp-json\/wp\/v2\/users\/1"}],"replies":[{"embeddable":true,"href":"https:\/\/elinformanteperu.com\/index.php\/wp-json\/wp\/v2\/comments?post=65487"}],"version-history":[{"count":2,"href":"https:\/\/elinformanteperu.com\/index.php\/wp-json\/wp\/v2\/posts\/65487\/revisions"}],"predecessor-version":[{"id":65511,"href":"https:\/\/elinformanteperu.com\/index.php\/wp-json\/wp\/v2\/posts\/65487\/revisions\/65511"}],"wp:featuredmedia":[{"embeddable":true,"href":"https:\/\/elinformanteperu.com\/index.php\/wp-json\/wp\/v2\/media\/47240"}],"wp:attachment":[{"href":"https:\/\/elinformanteperu.com\/index.php\/wp-json\/wp\/v2\/media?parent=65487"}],"wp:term":[{"taxonomy":"category","embeddable":true,"href":"https:\/\/elinformanteperu.com\/index.php\/wp-json\/wp\/v2\/categories?post=65487"},{"taxonomy":"post_tag","embeddable":true,"href":"https:\/\/elinformanteperu.com\/index.php\/wp-json\/wp\/v2\/tags?post=65487"}],"curies":[{"name":"wp","href":"https:\/\/api.w.org\/{rel}","templated":true}]}}