{"id":65484,"date":"2020-02-27T00:33:52","date_gmt":"2020-02-27T05:33:52","guid":{"rendered":"http:\/\/elinformanteperu.com\/?p=65484"},"modified":"2020-02-27T00:33:52","modified_gmt":"2020-02-27T05:33:52","slug":"yehude-simon-podria-recibir-mas-de-12-anos-de-prision","status":"publish","type":"post","link":"https:\/\/elinformanteperu.com\/index.php\/2020\/02\/27\/yehude-simon-podria-recibir-mas-de-12-anos-de-prision\/","title":{"rendered":"Yehude Simon podr\u00eda recibir m\u00e1s de 12 a\u00f1os de prisi\u00f3n"},"content":{"rendered":"<p><strong><span style=\"color: #000000;\">Doce a\u00f1os con 11 meses de c\u00e1rcel podr\u00eda recibir el ex gobernador regional Yehude Simon, seg\u00fan la prognosis de pena elaborada por el fiscal Jos\u00e9 Domingo P\u00e9rez.<\/span><\/strong><\/p>\n<p><span style=\"color: #000000;\"><strong>Lima, 26 Febrero 2020, (ANDINA).-<\/strong> Doce a\u00f1os con 11 meses de c\u00e1rcel podr\u00eda recibir el ex gobernador regional Yehude Simon, seg\u00fan la prognosis de pena elaborada por el fiscal Jos\u00e9 Domingo P\u00e9rez, inform\u00f3 el diario El Comercio.<\/span><\/p>\n<p><span style=\"color: #000000;\">La estimaci\u00f3n, que ser\u00eda solo la presunta comisi\u00f3n del delito de lavado de activos, figura en la orden de detenci\u00f3n preliminar que dict\u00f3 la jueza Mar\u00eda \u00c1lvarez el \u00faltimo lunes contra Simon Munaro.<\/span><\/p>\n<p><span style=\"color: #000000;\">Para dicha pena, refiere el documento, se habr\u00eda considerado que el tambi\u00e9n exjefe del Gabinete Ministerial no cuenta con antecedentes penales.<\/span><\/p>\n<p><span style=\"color: #000000;\">Est\u00e1 pendiente a\u00fan la prognosis de pena por la presunta comisi\u00f3n del delito de colusi\u00f3n.<\/span><\/p>\n<p><span style=\"color: #000000;\">Yehude Simon fue detenido el \u00faltimo lunes de forma preliminar por un plazo de diez d\u00edas. Su aprehensi\u00f3n fue acompa\u00f1ada por el allanamiento de su vivienda, ubicada en el distrito de Santiago de Surco.<\/span><\/p>\n<p><span style=\"color: #000000;\">Al exgobernador se le imputan hechos relacionados con la concesi\u00f3n del proyecto Trasvase e Irrigaci\u00f3n de Olmos, a favor de Odebrecht, y de recibir presuntamente dinero de parte de esta empresa para su campa\u00f1a de reelecci\u00f3n en el 2006.<\/span><\/p>\n<p><strong><span style=\"color: #000000;\">El testimonio de Barata<\/span><\/strong><\/p>\n<p><span style=\"color: #000000;\">De acuerdo con la declaraci\u00f3n del exrepresentante de Odebrecht en Per\u00fa Jorge Barata, Simon Munaro recibi\u00f3 300,000 d\u00f3lares para su campa\u00f1a de reelecci\u00f3n de la Caja 2 de la constructora cuando era gobernador regional de Lambayeque entre el 9 de abril y el 4 de junio del 2006.<\/span><\/p>\n<p><span style=\"color: #000000;\">Otra entrega de dinero se habr\u00eda realizado el 19 de noviembre de ese mismo a\u00f1o.<\/span><\/p>\n<p><span style=\"color: #000000;\">El fiscal del equipo especial Lava Jato Jos\u00e9 Domingo P\u00e9rez se\u00f1al\u00f3 que la informaci\u00f3n brindada por Barata fue determinante para requerir la detenci\u00f3n de Yehude Simon.<\/span><\/p>\n","protected":false},"excerpt":{"rendered":"<p>Doce a\u00f1os con 11 meses de c\u00e1rcel podr\u00eda recibir el ex gobernador regional Yehude Simon, seg\u00fan la prognosis de pena elaborada por el fiscal Jos\u00e9 Domingo P\u00e9rez. Lima, 26 Febrero 2020, (ANDINA).- Doce a\u00f1os con 11 meses de c\u00e1rcel podr\u00eda recibir el ex gobernador regional Yehude Simon, seg\u00fan la prognosis de pena elaborada por el [&hellip;]<\/p>\n","protected":false},"author":1,"featured_media":65485,"comment_status":"open","ping_status":"open","sticky":false,"template":"","format":"standard","meta":{"rop_custom_images_group":[],"rop_custom_messages_group":[],"rop_publish_now":"initial","rop_publish_now_accounts":[],"rop_publish_now_history":[],"rop_publish_now_status":"pending","footnotes":""},"categories":[5],"tags":[1157,2568,619,4894],"class_list":["post-65484","post","type-post","status-publish","format-standard","has-post-thumbnail","hentry","category-actualidad-informativa","tag-jorge-barata","tag-jose-domingo-perez","tag-odebrecht","tag-yehude-simon"],"_links":{"self":[{"href":"https:\/\/elinformanteperu.com\/index.php\/wp-json\/wp\/v2\/posts\/65484","targetHints":{"allow":["GET"]}}],"collection":[{"href":"https:\/\/elinformanteperu.com\/index.php\/wp-json\/wp\/v2\/posts"}],"about":[{"href":"https:\/\/elinformanteperu.com\/index.php\/wp-json\/wp\/v2\/types\/post"}],"author":[{"embeddable":true,"href":"https:\/\/elinformanteperu.com\/index.php\/wp-json\/wp\/v2\/users\/1"}],"replies":[{"embeddable":true,"href":"https:\/\/elinformanteperu.com\/index.php\/wp-json\/wp\/v2\/comments?post=65484"}],"version-history":[{"count":1,"href":"https:\/\/elinformanteperu.com\/index.php\/wp-json\/wp\/v2\/posts\/65484\/revisions"}],"predecessor-version":[{"id":65486,"href":"https:\/\/elinformanteperu.com\/index.php\/wp-json\/wp\/v2\/posts\/65484\/revisions\/65486"}],"wp:featuredmedia":[{"embeddable":true,"href":"https:\/\/elinformanteperu.com\/index.php\/wp-json\/wp\/v2\/media\/65485"}],"wp:attachment":[{"href":"https:\/\/elinformanteperu.com\/index.php\/wp-json\/wp\/v2\/media?parent=65484"}],"wp:term":[{"taxonomy":"category","embeddable":true,"href":"https:\/\/elinformanteperu.com\/index.php\/wp-json\/wp\/v2\/categories?post=65484"},{"taxonomy":"post_tag","embeddable":true,"href":"https:\/\/elinformanteperu.com\/index.php\/wp-json\/wp\/v2\/tags?post=65484"}],"curies":[{"name":"wp","href":"https:\/\/api.w.org\/{rel}","templated":true}]}}