{"id":65482,"date":"2020-02-27T00:29:51","date_gmt":"2020-02-27T05:29:51","guid":{"rendered":"http:\/\/elinformanteperu.com\/?p=65482"},"modified":"2020-02-27T00:29:51","modified_gmt":"2020-02-27T05:29:51","slug":"alejandro-toledo-proxima-semana-sala-resolvera-pedido-de-extradicion","status":"publish","type":"post","link":"https:\/\/elinformanteperu.com\/index.php\/2020\/02\/27\/alejandro-toledo-proxima-semana-sala-resolvera-pedido-de-extradicion\/","title":{"rendered":"Alejandro Toledo: pr\u00f3xima semana sala resolver\u00e1 pedido de extradici\u00f3n"},"content":{"rendered":"<p><strong><span style=\"color: #000000;\">La Sala Suprema Penal Permanente de la Corte Suprema resolver\u00e1 la pr\u00f3xima semana si declara procedente o no el pedido de extradici\u00f3n contra Alejandro Toledo y Eliane Karp.<\/span><\/strong><\/p>\n<p><span style=\"color: #000000;\"><strong>Lima, 26 Febrero 2020, (ANDINA).-<\/strong> La Sala Suprema Penal Permanente de la Corte Suprema resolver\u00e1 la pr\u00f3xima semana si declara procedente o no el pedido de extradici\u00f3n contra el expresidente Alejandro Toledo y su esposa, Eliane Karp, por el caso Ecoteva.<\/span><\/p>\n<p><span style=\"color: #000000;\">El anuncio fue hecho por el juez supremo C\u00e9sar San Mart\u00edn, al t\u00e9rmino de la audiencia en la que se vio la solicitud de extradici\u00f3n formulada por el Ministerio P\u00fablico.<\/span><\/p>\n<p><span style=\"color: #000000;\">Previamente hab\u00eda asegurado que la resoluci\u00f3n iba a ser informada inmediatamente.<\/span><\/p>\n<p><span style=\"color: #000000;\">Durante la audiencia, tanto la fiscal Yanina Tapia como la procuradora Silvana Carri\u00f3n coincidieron en que estaban acreditadas las condiciones y los requisitos para la extradici\u00f3n del exmandatario y su esposa.<\/span><\/p>\n<p><span style=\"color: #000000;\">Remarcaron que existe incriminaci\u00f3n y acci\u00f3n penal vigente, y los hechos van desde las transferencias a la empresa hasta el camino que sigui\u00f3 el dinero por Costa Rica (donde se form\u00f3 Ecoteva) y Per\u00fa, donde adquirieron inmuebles y pagaron hipotecas.<\/span><\/p>\n<p><span style=\"color: #000000;\">Por ello subrayaron que correspond\u00eda declarar procedente la extradici\u00f3n, que en este caso se relaciona con la presunta comisi\u00f3n del delito de lavado de activos.<\/span><\/p>\n<p><span style=\"color: #000000;\">Por su parte, el abogado Roberto Su sostuvo que no se pod\u00eda elevar un nuevo pedido de extradici\u00f3n por los mismos hechos que en el caso Odebrecht.<\/span><\/p>\n<p><span style=\"color: #000000;\">Dijo asimismo que las versiones brindadas por los colaboradores y la informaci\u00f3n recogida en Suiza demuestran una \u00abconducta zigzagueante y confusa\u00bb para incriminar a terceros, por lo que el pedido de extradici\u00f3n deb\u00eda declararse improcedente.<\/span><\/p>\n<p><strong><span style=\"color: #000000;\">Ecoteva<\/span><\/strong><\/p>\n<p><span style=\"color: #000000;\">La Fiscal\u00eda acusa a Toledo de favorecer a la empresa Odebrecht en la licitaci\u00f3n de los tramos 2 y 3 de la carretera Interoce\u00e1nica y a la empresa Camargo Correa en el tramo 4 de la misma v\u00eda, a cambio del pago de coimas que habr\u00edan sido entregadas a trav\u00e9s del empresario israel\u00ed Josef Maiman.<\/span><\/p>\n<p><span style=\"color: #000000;\">Ese dinero habr\u00eda servido para constituir en Costa Rica empresas offshore, entre las cuales se encontraba la fundaci\u00f3n Ecoteva Consulting Group, que ten\u00eda como propietaria a Eva Fernenbug, madre de Eliane Karp.<\/span><\/p>\n<p><span style=\"color: #000000;\">Ecoteva adquiri\u00f3 en Lima el 2013 una propiedad valorizada en 3.8 millones de d\u00f3lares en la urbanizaci\u00f3n Las Casuarinas y una oficina en el edificio Omega valorizada en 882,000 d\u00f3lares, ambas en el distrito de Surco.<\/span><\/p>\n<p><span style=\"color: #000000;\">Adem\u00e1s cancel\u00f3 las hipotecas de la casa de Alejandro Toledo en la urbanizaci\u00f3n Camacho, por 217,000 d\u00f3lares y de Punta Sal por 277,000 d\u00f3lares.<\/span><\/p>\n","protected":false},"excerpt":{"rendered":"<p>La Sala Suprema Penal Permanente de la Corte Suprema resolver\u00e1 la pr\u00f3xima semana si declara procedente o no el pedido de extradici\u00f3n contra Alejandro Toledo y Eliane Karp. Lima, 26 Febrero 2020, (ANDINA).- La Sala Suprema Penal Permanente de la Corte Suprema resolver\u00e1 la pr\u00f3xima semana si declara procedente o no el pedido de extradici\u00f3n [&hellip;]<\/p>\n","protected":false},"author":1,"featured_media":10851,"comment_status":"open","ping_status":"open","sticky":false,"template":"","format":"standard","meta":{"rop_custom_images_group":[],"rop_custom_messages_group":[],"rop_publish_now":"initial","rop_publish_now_accounts":[],"rop_publish_now_history":[],"rop_publish_now_status":"pending","footnotes":""},"categories":[5],"tags":[208,1066,1839,163],"class_list":["post-65482","post","type-post","status-publish","format-standard","has-post-thumbnail","hentry","category-actualidad-informativa","tag-alejandro-toledo","tag-ecoteva","tag-eliane-karp","tag-poder-judicial"],"_links":{"self":[{"href":"https:\/\/elinformanteperu.com\/index.php\/wp-json\/wp\/v2\/posts\/65482","targetHints":{"allow":["GET"]}}],"collection":[{"href":"https:\/\/elinformanteperu.com\/index.php\/wp-json\/wp\/v2\/posts"}],"about":[{"href":"https:\/\/elinformanteperu.com\/index.php\/wp-json\/wp\/v2\/types\/post"}],"author":[{"embeddable":true,"href":"https:\/\/elinformanteperu.com\/index.php\/wp-json\/wp\/v2\/users\/1"}],"replies":[{"embeddable":true,"href":"https:\/\/elinformanteperu.com\/index.php\/wp-json\/wp\/v2\/comments?post=65482"}],"version-history":[{"count":1,"href":"https:\/\/elinformanteperu.com\/index.php\/wp-json\/wp\/v2\/posts\/65482\/revisions"}],"predecessor-version":[{"id":65483,"href":"https:\/\/elinformanteperu.com\/index.php\/wp-json\/wp\/v2\/posts\/65482\/revisions\/65483"}],"wp:featuredmedia":[{"embeddable":true,"href":"https:\/\/elinformanteperu.com\/index.php\/wp-json\/wp\/v2\/media\/10851"}],"wp:attachment":[{"href":"https:\/\/elinformanteperu.com\/index.php\/wp-json\/wp\/v2\/media?parent=65482"}],"wp:term":[{"taxonomy":"category","embeddable":true,"href":"https:\/\/elinformanteperu.com\/index.php\/wp-json\/wp\/v2\/categories?post=65482"},{"taxonomy":"post_tag","embeddable":true,"href":"https:\/\/elinformanteperu.com\/index.php\/wp-json\/wp\/v2\/tags?post=65482"}],"curies":[{"name":"wp","href":"https:\/\/api.w.org\/{rel}","templated":true}]}}