{"id":65038,"date":"2020-02-22T10:54:17","date_gmt":"2020-02-22T15:54:17","guid":{"rendered":"http:\/\/elinformanteperu.com\/?p=65038"},"modified":"2020-02-22T10:54:17","modified_gmt":"2020-02-22T15:54:17","slug":"bufalos-en-el-centro-cultural-de-la-pucp","status":"publish","type":"post","link":"https:\/\/elinformanteperu.com\/index.php\/2020\/02\/22\/bufalos-en-el-centro-cultural-de-la-pucp\/","title":{"rendered":"\u201cB\u00fafalos\u201d en el Centro Cultural de la PUCP"},"content":{"rendered":"<p><strong><span style=\"color: #000000;\">Del lunes 24 de febrero al lunes 02 de marzo del 2020 a las 8 de la noche y el domingo a las 7 de la noche en la avenida Camino Real 1075 &#8211; San Isidro<\/span><\/strong><\/p>\n<p><span style=\"color: #000000;\"><strong>Lima, 21 Febrero 2020, (El Informante Per\u00fa).-<\/strong> \u201cB\u00fafalos\u201d, del autor catal\u00e1n Pau Mir\u00f3, es la historia de cinco hermanos que viven y trabajan en una lavander\u00eda de un barrio marginal. Cuando peque\u00f1os, uno de ellos desapareci\u00f3 y, tiempo despu\u00e9s, la madre sigui\u00f3 el mismo destino. Las explicaciones del padre no llegan a ser satisfactorias y, m\u00e1s bien, parecen esconder una verdad terrible.<\/span><\/p>\n<p><img fetchpriority=\"high\" decoding=\"async\" class=\"aligncenter size-full wp-image-65040\" src=\"http:\/\/elinformanteperu.com\/wp-content\/uploads\/2020\/02\/bufalos-teatro1.jpg\" alt=\"\" width=\"768\" height=\"513\" srcset=\"https:\/\/elinformanteperu.com\/wp-content\/uploads\/2020\/02\/bufalos-teatro1.jpg 768w, https:\/\/elinformanteperu.com\/wp-content\/uploads\/2020\/02\/bufalos-teatro1-300x200.jpg 300w, https:\/\/elinformanteperu.com\/wp-content\/uploads\/2020\/02\/bufalos-teatro1-128x86.jpg 128w, https:\/\/elinformanteperu.com\/wp-content\/uploads\/2020\/02\/bufalos-teatro1-32x21.jpg 32w\" sizes=\"(max-width: 768px) 100vw, 768px\" \/><span style=\"color: #000000;\">La obra teatral, dirigida por Gino Luque, reflexiona, bajo la apariencia de una f\u00e1bula urbana, sobre los v\u00ednculos familiares, la necesidad de rehacerse frente al trauma, la resistencia frente al dolor de la ausencia, y la violencia y la soledad que marcan las relaciones en las grandes ciudades.<\/span><\/p>\n<p><span style=\"color: #000000;\">La puesta en escena se presenta del lunes 24 de febrero al lunes 02 de marzo del 2020 a las 8 de la noche, y el domingo a las 7 de la noche en el teatro del Centro Cultural de la Pontificia Universidad Cat\u00f3lica del Per\u00fa (Avenida Camino Real 1075 &#8211; San Isidro).<\/span><\/p>\n<p><img decoding=\"async\" class=\"aligncenter size-full wp-image-65041\" src=\"http:\/\/elinformanteperu.com\/wp-content\/uploads\/2020\/02\/bufalos-teatro2.jpg\" alt=\"\" width=\"766\" height=\"515\" srcset=\"https:\/\/elinformanteperu.com\/wp-content\/uploads\/2020\/02\/bufalos-teatro2.jpg 766w, https:\/\/elinformanteperu.com\/wp-content\/uploads\/2020\/02\/bufalos-teatro2-300x202.jpg 300w, https:\/\/elinformanteperu.com\/wp-content\/uploads\/2020\/02\/bufalos-teatro2-128x86.jpg 128w, https:\/\/elinformanteperu.com\/wp-content\/uploads\/2020\/02\/bufalos-teatro2-32x22.jpg 32w\" sizes=\"(max-width: 766px) 100vw, 766px\" \/><span style=\"color: #000000;\">El elenco est\u00e1 compuesto por Flavia Avil\u00e9s, Israel Caleni, Gianella Cruzatte, Marcia Huaman\u00ed, Andrea Mej\u00eda, Silvana Picco, Franco Silva, Santiago Torres, Jimena Torres y Roxana Ysidro, alumnos del octavo ciclo de la Especialidad de Teatro de la Facultad de Artes Esc\u00e9nicas de la PUCP, nuevos talentos del teatro peruano formados en esa cantera de actores.<\/span><\/p>\n<p><span style=\"color: #000000;\">Las entradas est\u00e1n a la venta en Teleticket de Wong y Metro desde el 06 de enero y en la boleter\u00eda del CCPUCP desde el 20 de enero.<\/span><\/p>\n<p><img decoding=\"async\" class=\"aligncenter size-full wp-image-65042\" src=\"http:\/\/elinformanteperu.com\/wp-content\/uploads\/2020\/02\/bufalos-teatro3.jpg\" alt=\"\" width=\"772\" height=\"518\" srcset=\"https:\/\/elinformanteperu.com\/wp-content\/uploads\/2020\/02\/bufalos-teatro3.jpg 772w, https:\/\/elinformanteperu.com\/wp-content\/uploads\/2020\/02\/bufalos-teatro3-300x201.jpg 300w, https:\/\/elinformanteperu.com\/wp-content\/uploads\/2020\/02\/bufalos-teatro3-768x515.jpg 768w, https:\/\/elinformanteperu.com\/wp-content\/uploads\/2020\/02\/bufalos-teatro3-128x86.jpg 128w, https:\/\/elinformanteperu.com\/wp-content\/uploads\/2020\/02\/bufalos-teatro3-32x21.jpg 32w\" sizes=\"(max-width: 772px) 100vw, 772px\" \/><\/p>\n","protected":false},"excerpt":{"rendered":"<p>Del lunes 24 de febrero al lunes 02 de marzo del 2020 a las 8 de la noche y el domingo a las 7 de la noche en la avenida Camino Real 1075 &#8211; San Isidro Lima, 21 Febrero 2020, (El Informante Per\u00fa).- \u201cB\u00fafalos\u201d, del autor catal\u00e1n Pau Mir\u00f3, es la historia de cinco hermanos [&hellip;]<\/p>\n","protected":false},"author":1,"featured_media":65039,"comment_status":"open","ping_status":"open","sticky":false,"template":"","format":"standard","meta":{"rop_custom_images_group":[],"rop_custom_messages_group":[],"rop_publish_now":"initial","rop_publish_now_accounts":[],"rop_publish_now_history":[],"rop_publish_now_status":"pending","footnotes":""},"categories":[70],"tags":[2736,1625],"class_list":["post-65038","post","type-post","status-publish","format-standard","has-post-thumbnail","hentry","category-farandula","tag-ccpucp","tag-teatro"],"_links":{"self":[{"href":"https:\/\/elinformanteperu.com\/index.php\/wp-json\/wp\/v2\/posts\/65038","targetHints":{"allow":["GET"]}}],"collection":[{"href":"https:\/\/elinformanteperu.com\/index.php\/wp-json\/wp\/v2\/posts"}],"about":[{"href":"https:\/\/elinformanteperu.com\/index.php\/wp-json\/wp\/v2\/types\/post"}],"author":[{"embeddable":true,"href":"https:\/\/elinformanteperu.com\/index.php\/wp-json\/wp\/v2\/users\/1"}],"replies":[{"embeddable":true,"href":"https:\/\/elinformanteperu.com\/index.php\/wp-json\/wp\/v2\/comments?post=65038"}],"version-history":[{"count":1,"href":"https:\/\/elinformanteperu.com\/index.php\/wp-json\/wp\/v2\/posts\/65038\/revisions"}],"predecessor-version":[{"id":65043,"href":"https:\/\/elinformanteperu.com\/index.php\/wp-json\/wp\/v2\/posts\/65038\/revisions\/65043"}],"wp:featuredmedia":[{"embeddable":true,"href":"https:\/\/elinformanteperu.com\/index.php\/wp-json\/wp\/v2\/media\/65039"}],"wp:attachment":[{"href":"https:\/\/elinformanteperu.com\/index.php\/wp-json\/wp\/v2\/media?parent=65038"}],"wp:term":[{"taxonomy":"category","embeddable":true,"href":"https:\/\/elinformanteperu.com\/index.php\/wp-json\/wp\/v2\/categories?post=65038"},{"taxonomy":"post_tag","embeddable":true,"href":"https:\/\/elinformanteperu.com\/index.php\/wp-json\/wp\/v2\/tags?post=65038"}],"curies":[{"name":"wp","href":"https:\/\/api.w.org\/{rel}","templated":true}]}}