{"id":65011,"date":"2020-02-21T00:06:52","date_gmt":"2020-02-21T05:06:52","guid":{"rendered":"http:\/\/elinformanteperu.com\/?p=65011"},"modified":"2020-02-21T00:06:52","modified_gmt":"2020-02-21T05:06:52","slug":"peru-solicita-a-colombia-extradicion-de-venezolano-freddy-romero-sulbaran","status":"publish","type":"post","link":"https:\/\/elinformanteperu.com\/index.php\/2020\/02\/21\/peru-solicita-a-colombia-extradicion-de-venezolano-freddy-romero-sulbaran\/","title":{"rendered":"Per\u00fa solicita a Colombia extradici\u00f3n de venezolano Freddy Romero Sulbar\u00e1n"},"content":{"rendered":"<p><strong><span style=\"color: #000000;\">El Gobierno solicit\u00f3 a Colombia la extradici\u00f3n activa del ciudadano venezolano Freddy Xavier Romero Sulbar\u00e1n, de apelativo Machelo por presunto homicidio calificado.<\/span><\/strong><\/p>\n<p><span style=\"color: #000000;\"><strong>Lima, 20 Febrero 2020, (ANDINA).-<\/strong> El Gobierno solicit\u00f3 a Colombia la extradici\u00f3n activa del ciudadano venezolano Freddy Xavier Romero Sulbar\u00e1n, de apelativo Machelo, para ser procesado por presunto homicidio calificado y banda criminal en agravio del Estado.<\/span><\/p>\n<p><span style=\"color: #000000;\">La solicitud fue planteada a trav\u00e9s de la Resoluci\u00f3n Suprema N\u00b0 025-2020-JUS, publicada hoy en el Bolet\u00edn de Normas Legales del Diario Oficial El Peruano.<\/span><\/p>\n<p><span style=\"color: #000000;\">La medida procede a pedido del Primer Juzgado de Investigaci\u00f3n Preparatoria Transitorio de Condevilla, de la Corte Superior de Justicia de Lima Norte, el cual fue declarado procedente por la Sala Penal Permanente de la Corte Suprema de Justicia.<\/span><\/p>\n<p><span style=\"color: #000000;\">A Romero se le imputa haber asesinado con ferocidad y gran crueldad a Jafet Caleb Torrico Jara y Rub\u00e9n Matamoros Delgado para facilitar u ocultar otro delito entre el 8 y 9 de setiembre de 2019, en el interior de la habitaci\u00f3n n\u00famero 507 del hospedaje Se\u00f1or de Sip\u00e1n, en el distrito de San Mart\u00edn de Porres.<\/span><\/p>\n<p><span style=\"color: #000000;\">Entre esos d\u00edas, junto a sus coimputados y a otras personas a\u00fan no identificadas, habr\u00edan desmembrado y decapitado los cuerpos de Torrico Jara (ciudadano peruano) y Rub\u00e9n Matamoros Delgado (ciudadano venezolano), cuando se hallaban en estado de agon\u00eda, utilizando instrumentos filocortantes y dentados.<\/span><\/p>\n<p><span style=\"color: #000000;\">Luego, los imputados se deshicieron de los restos de ambas v\u00edctimas esparci\u00e9ndolas en diferentes partes de la ciudad de Lima, con el claro prop\u00f3sito de ocultar su crimen.<\/span><\/p>\n<p><span style=\"color: #000000;\">El pasado 8 de diciembre la Interpol \u2013 Lima inform\u00f3 que Machelo hab\u00eda sido retenido en Colombia.<\/span><\/p>\n<p><span style=\"color: #000000;\">Al d\u00eda siguiente, el Juzgado de Investigaci\u00f3n Preparatoria Transitorio de Condevilla de la Corte Superior de Justicia de Lima Norte solicit\u00f3 a las autoridades colombianas su arresto provisional con fines de extradici\u00f3n.<\/span><\/p>\n<p><span style=\"color: #000000;\">El 11 de diciembre de 2019, la Fiscal\u00eda General de la Naci\u00f3n de la Rep\u00fablica de Colombia orden\u00f3 su captura con fines de extradici\u00f3n.<\/span><\/p>\n<p><span style=\"color: #000000;\">Con la publicaci\u00f3n de la Resoluci\u00f3n Suprema N\u00b0 025-2020-JUS, se proceder\u00e1 a remitir el expediente respectivo a la Fiscal\u00eda de la Naci\u00f3n- Autoridad Central para que se contin\u00fae con el tr\u00e1mite ante las autoridades de la Rep\u00fablica de Colombia.<\/span><\/p>\n","protected":false},"excerpt":{"rendered":"<p>El Gobierno solicit\u00f3 a Colombia la extradici\u00f3n activa del ciudadano venezolano Freddy Xavier Romero Sulbar\u00e1n, de apelativo Machelo por presunto homicidio calificado. Lima, 20 Febrero 2020, (ANDINA).- El Gobierno solicit\u00f3 a Colombia la extradici\u00f3n activa del ciudadano venezolano Freddy Xavier Romero Sulbar\u00e1n, de apelativo Machelo, para ser procesado por presunto homicidio calificado y banda criminal [&hellip;]<\/p>\n","protected":false},"author":1,"featured_media":33649,"comment_status":"open","ping_status":"open","sticky":false,"template":"","format":"standard","meta":{"rop_custom_images_group":[],"rop_custom_messages_group":[],"rop_publish_now":"initial","rop_publish_now_accounts":[],"rop_publish_now_history":[],"rop_publish_now_status":"pending","footnotes":""},"categories":[5],"tags":[5301,1547,166,281],"class_list":["post-65011","post","type-post","status-publish","format-standard","has-post-thumbnail","hentry","category-actualidad-informativa","tag-freddy-xavier-romero-sulbaran","tag-interpol","tag-ministerio-de-justicia","tag-policia-nacional"],"_links":{"self":[{"href":"https:\/\/elinformanteperu.com\/index.php\/wp-json\/wp\/v2\/posts\/65011","targetHints":{"allow":["GET"]}}],"collection":[{"href":"https:\/\/elinformanteperu.com\/index.php\/wp-json\/wp\/v2\/posts"}],"about":[{"href":"https:\/\/elinformanteperu.com\/index.php\/wp-json\/wp\/v2\/types\/post"}],"author":[{"embeddable":true,"href":"https:\/\/elinformanteperu.com\/index.php\/wp-json\/wp\/v2\/users\/1"}],"replies":[{"embeddable":true,"href":"https:\/\/elinformanteperu.com\/index.php\/wp-json\/wp\/v2\/comments?post=65011"}],"version-history":[{"count":1,"href":"https:\/\/elinformanteperu.com\/index.php\/wp-json\/wp\/v2\/posts\/65011\/revisions"}],"predecessor-version":[{"id":65012,"href":"https:\/\/elinformanteperu.com\/index.php\/wp-json\/wp\/v2\/posts\/65011\/revisions\/65012"}],"wp:featuredmedia":[{"embeddable":true,"href":"https:\/\/elinformanteperu.com\/index.php\/wp-json\/wp\/v2\/media\/33649"}],"wp:attachment":[{"href":"https:\/\/elinformanteperu.com\/index.php\/wp-json\/wp\/v2\/media?parent=65011"}],"wp:term":[{"taxonomy":"category","embeddable":true,"href":"https:\/\/elinformanteperu.com\/index.php\/wp-json\/wp\/v2\/categories?post=65011"},{"taxonomy":"post_tag","embeddable":true,"href":"https:\/\/elinformanteperu.com\/index.php\/wp-json\/wp\/v2\/tags?post=65011"}],"curies":[{"name":"wp","href":"https:\/\/api.w.org\/{rel}","templated":true}]}}