{"id":64997,"date":"2020-02-20T23:49:48","date_gmt":"2020-02-21T04:49:48","guid":{"rendered":"http:\/\/elinformanteperu.com\/?p=64997"},"modified":"2020-02-20T23:49:48","modified_gmt":"2020-02-21T04:49:48","slug":"merino-de-lama-estima-que-congreso-debe-estar-instalado-la-quincena-de-marzo","status":"publish","type":"post","link":"https:\/\/elinformanteperu.com\/index.php\/2020\/02\/20\/merino-de-lama-estima-que-congreso-debe-estar-instalado-la-quincena-de-marzo\/","title":{"rendered":"Merino de Lama estima que Congreso debe estar instalado la quincena de marzo"},"content":{"rendered":"<p><strong><span style=\"color: #000000;\">El virtual congresista Manuel Merino de Lama, candidato a la presidencia del Congreso, estim\u00f3 que a m\u00e1s tardar la quincena de marzo el nuevo Poder Legislativo estar\u00e1 instalado.<\/span><\/strong><\/p>\n<p><span style=\"color: #000000;\"><strong>Lima, 20 Febrero 2020, (ANDINA).-<\/strong> El virtual congresista Manuel Merino de Lama, candidato a la presidencia del Congreso en una lista multipartidaria, estim\u00f3 que a m\u00e1s tardar la quincena de marzo el nuevo Poder Legislativo estar\u00e1 instalado.<\/span><\/p>\n<p><span style=\"color: #000000;\">Dijo que tras la entrega de credenciales a los nuevos parlamentarios, se espera tambi\u00e9n el acta de confirmaci\u00f3n de la elecci\u00f3n de parte del Jurado Nacional de Elecciones (JNE), as\u00ed como la documentaci\u00f3n que entregar\u00e1n los nuevos parlamentarios.<\/span><\/p>\n<p><span style=\"color: #000000;\">\u00abLos 130 congresistas deber\u00e1n presentar la declaraci\u00f3n jurada de intereses y su DNI electr\u00f3nico, quienes no lo tienen deber\u00e1n cambiarlo y eso significa tambi\u00e9n un tiempo. Creemos que, despu\u00e9s de la entrega de credenciales, por lo menos deben pasar 10 d\u00edas m\u00e1s, pensamos que debemos estar quincena de marzo en el Congreso\u00bb, dijo en RPP.<\/span><\/p>\n<p><span style=\"color: #000000;\">Merino de Lama, virtual congresista por Acci\u00f3n Popular, explic\u00f3 que la intenci\u00f3n de su bancada es apoyar la gobernabilidad y las reformas pol\u00edticas del pa\u00eds.<\/span><\/p>\n<p><span style=\"color: #000000;\">\u00abEso no significa que habr\u00e1 impunidad, si hay actos de corrupci\u00f3n, la Comisi\u00f3n de Fiscalizaci\u00f3n se encargar\u00e1\u00bb, agreg\u00f3.<\/span><\/p>\n<p><strong><span style=\"color: #000000;\">Comisiones parlamentarias<\/span><\/strong><\/p>\n<p><span style=\"color: #000000;\">Respecto a la comisiones parlamentarias, precis\u00f3 que hoy conversar\u00e1n los 25 integrantes de la futura bancada para determinar cu\u00e1l es la intenci\u00f3n del partido y qu\u00e9 grupos de trabajo tendr\u00e1n a su cargo.<\/span><\/p>\n<p><span style=\"color: #000000;\">\u00abY sobre eso esperamos que se instale el Congreso y ser\u00e1 la Junta de Portavoces la instancia donde se determinar\u00e1 la distribuci\u00f3n de comisiones\u00bb, refiri\u00f3.<\/span><\/p>\n<p><span style=\"color: #000000;\">Sobre el acuerdo de gobernabilidad firmado en la v\u00edspera por cuatro nuevas bancadas (Acci\u00f3n Popular, Alianza por el Progreso, Podemos Per\u00fa y Somos Per\u00fa), tiene la intenci\u00f3n de darle un cambio al Parlamento Nacional.<\/span><\/p>\n","protected":false},"excerpt":{"rendered":"<p>El virtual congresista Manuel Merino de Lama, candidato a la presidencia del Congreso, estim\u00f3 que a m\u00e1s tardar la quincena de marzo el nuevo Poder Legislativo estar\u00e1 instalado. Lima, 20 Febrero 2020, (ANDINA).- El virtual congresista Manuel Merino de Lama, candidato a la presidencia del Congreso en una lista multipartidaria, estim\u00f3 que a m\u00e1s tardar [&hellip;]<\/p>\n","protected":false},"author":1,"featured_media":64998,"comment_status":"open","ping_status":"open","sticky":false,"template":"","format":"standard","meta":{"rop_custom_images_group":[],"rop_custom_messages_group":[],"rop_publish_now":"initial","rop_publish_now_accounts":[],"rop_publish_now_history":[],"rop_publish_now_status":"pending","footnotes":""},"categories":[5],"tags":[326,192,5299],"class_list":["post-64997","post","type-post","status-publish","format-standard","has-post-thumbnail","hentry","category-actualidad-informativa","tag-accion-popular","tag-congreso","tag-manuel-merino-de-lama"],"_links":{"self":[{"href":"https:\/\/elinformanteperu.com\/index.php\/wp-json\/wp\/v2\/posts\/64997","targetHints":{"allow":["GET"]}}],"collection":[{"href":"https:\/\/elinformanteperu.com\/index.php\/wp-json\/wp\/v2\/posts"}],"about":[{"href":"https:\/\/elinformanteperu.com\/index.php\/wp-json\/wp\/v2\/types\/post"}],"author":[{"embeddable":true,"href":"https:\/\/elinformanteperu.com\/index.php\/wp-json\/wp\/v2\/users\/1"}],"replies":[{"embeddable":true,"href":"https:\/\/elinformanteperu.com\/index.php\/wp-json\/wp\/v2\/comments?post=64997"}],"version-history":[{"count":1,"href":"https:\/\/elinformanteperu.com\/index.php\/wp-json\/wp\/v2\/posts\/64997\/revisions"}],"predecessor-version":[{"id":64999,"href":"https:\/\/elinformanteperu.com\/index.php\/wp-json\/wp\/v2\/posts\/64997\/revisions\/64999"}],"wp:featuredmedia":[{"embeddable":true,"href":"https:\/\/elinformanteperu.com\/index.php\/wp-json\/wp\/v2\/media\/64998"}],"wp:attachment":[{"href":"https:\/\/elinformanteperu.com\/index.php\/wp-json\/wp\/v2\/media?parent=64997"}],"wp:term":[{"taxonomy":"category","embeddable":true,"href":"https:\/\/elinformanteperu.com\/index.php\/wp-json\/wp\/v2\/categories?post=64997"},{"taxonomy":"post_tag","embeddable":true,"href":"https:\/\/elinformanteperu.com\/index.php\/wp-json\/wp\/v2\/tags?post=64997"}],"curies":[{"name":"wp","href":"https:\/\/api.w.org\/{rel}","templated":true}]}}