{"id":6483,"date":"2017-02-17T01:37:32","date_gmt":"2017-02-17T06:37:32","guid":{"rendered":"http:\/\/elinformanteperu.com\/?p=6483"},"modified":"2017-02-17T01:37:32","modified_gmt":"2017-02-17T06:37:32","slug":"realizan-movilizacion-en-lima-contra-la-corrupcion","status":"publish","type":"post","link":"https:\/\/elinformanteperu.com\/index.php\/2017\/02\/17\/realizan-movilizacion-en-lima-contra-la-corrupcion\/","title":{"rendered":"Realizan movilizaci\u00f3n en Lima contra la corrupci\u00f3n"},"content":{"rendered":"<p><strong>Una masiva movilizaci\u00f3n se inici\u00f3 en Lima en rechazo a los esc\u00e1ndalos de corrupci\u00f3n que involucra a empresas extranjeras y ex funcionarios peruanos.<\/strong><\/p>\n<p><strong>Lima, 16 Febrero 2017, (ANDINA).-<\/strong> Una masiva movilizaci\u00f3n se inici\u00f3 en Lima en rechazo a los esc\u00e1ndalos de corrupci\u00f3n que involucra a empresas extranjeras y ex funcionarios peruanos, y demandar a las autoridades judiciales sanciones a los responsables de actos il\u00edcitos, seg\u00fan los organizadores.<\/p>\n<p>Diversos colectivos sociales, organizaciones sindicales y pol\u00edticas, que se concentraron en la c\u00e9ntrica Plaza Dos de Mayo, se movilizan por diversas calles y avenidas del centro de la ciudad.<\/p>\n<p>La vicepresidenta de la Confederaci\u00f3n General de Trabajadores del Per\u00fa (CGTP), Carmela Sifuentes, dijo que la movilizaci\u00f3n se lleva a cabo de manera pac\u00edfica y \u00abes una expresi\u00f3n del malestar de la ciudadan\u00eda contra los esc\u00e1ndalos de corrupci\u00f3n que afectan al pa\u00eds\u00bb.<\/p>\n<p>\u00abEl objetivo es luchar contra la corrupci\u00f3n y defender nuestros derechos laborales\u00bb, expres\u00f3 a los periodistas.<\/p>\n<p>Sifuentes sostuvo que los sectores pol\u00edticos que critican la movilizaci\u00f3n \u00abmuestran que est\u00e1n nerviosos, pues saben que el pueblo est\u00e1 cansado de la corrupci\u00f3n y reclama severos castigos a los deshonestos\u00bb.<\/p>\n<p>Cuando la marcha lleg\u00f3 hasta el Poder Judicial, una delegaci\u00f3n de la CGTP, liderada por su dirigente, Mario Huam\u00e1n, fue recibida por el juez Supremo H\u00e9ctor Lama More, en representaci\u00f3n del presidente del Poder Judicial, Duberl\u00ed Rodr\u00edguez.<\/p>\n<p>Los dirigentes fueron atendidos en la Sala de Embajadores y pidieron atender con celeridad los casos laborales pendientes.<\/p>\n<p>Lama More, dijo que el compromiso de la actual administraci\u00f3n es acabar con el flagelo de la corrupci\u00f3n \u201cque es un \u00e1cido corrosivo que disuelve las bases de la moral\u201d.<\/p>\n<p><strong>Sin incidentes<\/strong><\/p>\n<p>La movilizaci\u00f3n se desplaz\u00f3 por diversos puntos de la ciudad y concluy\u00f3 sin incidentes con la polic\u00eda que acompa\u00f1\u00f3 a los marchantes en todo su trayecto.<\/p>\n","protected":false},"excerpt":{"rendered":"<p>Una masiva movilizaci\u00f3n se inici\u00f3 en Lima en rechazo a los esc\u00e1ndalos de corrupci\u00f3n que involucra a empresas extranjeras y ex funcionarios peruanos. Lima, 16 Febrero 2017, (ANDINA).- Una masiva movilizaci\u00f3n se inici\u00f3 en Lima en rechazo a los esc\u00e1ndalos de corrupci\u00f3n que involucra a empresas extranjeras y ex funcionarios peruanos, y demandar a las [&hellip;]<\/p>\n","protected":false},"author":1,"featured_media":6484,"comment_status":"open","ping_status":"open","sticky":false,"template":"","format":"standard","meta":{"rop_custom_images_group":[],"rop_custom_messages_group":[],"rop_publish_now":"initial","rop_publish_now_accounts":[],"rop_publish_now_history":[],"rop_publish_now_status":"pending","footnotes":""},"categories":[5],"tags":[],"class_list":["post-6483","post","type-post","status-publish","format-standard","has-post-thumbnail","hentry","category-actualidad-informativa"],"_links":{"self":[{"href":"https:\/\/elinformanteperu.com\/index.php\/wp-json\/wp\/v2\/posts\/6483","targetHints":{"allow":["GET"]}}],"collection":[{"href":"https:\/\/elinformanteperu.com\/index.php\/wp-json\/wp\/v2\/posts"}],"about":[{"href":"https:\/\/elinformanteperu.com\/index.php\/wp-json\/wp\/v2\/types\/post"}],"author":[{"embeddable":true,"href":"https:\/\/elinformanteperu.com\/index.php\/wp-json\/wp\/v2\/users\/1"}],"replies":[{"embeddable":true,"href":"https:\/\/elinformanteperu.com\/index.php\/wp-json\/wp\/v2\/comments?post=6483"}],"version-history":[{"count":1,"href":"https:\/\/elinformanteperu.com\/index.php\/wp-json\/wp\/v2\/posts\/6483\/revisions"}],"predecessor-version":[{"id":6485,"href":"https:\/\/elinformanteperu.com\/index.php\/wp-json\/wp\/v2\/posts\/6483\/revisions\/6485"}],"wp:featuredmedia":[{"embeddable":true,"href":"https:\/\/elinformanteperu.com\/index.php\/wp-json\/wp\/v2\/media\/6484"}],"wp:attachment":[{"href":"https:\/\/elinformanteperu.com\/index.php\/wp-json\/wp\/v2\/media?parent=6483"}],"wp:term":[{"taxonomy":"category","embeddable":true,"href":"https:\/\/elinformanteperu.com\/index.php\/wp-json\/wp\/v2\/categories?post=6483"},{"taxonomy":"post_tag","embeddable":true,"href":"https:\/\/elinformanteperu.com\/index.php\/wp-json\/wp\/v2\/tags?post=6483"}],"curies":[{"name":"wp","href":"https:\/\/api.w.org\/{rel}","templated":true}]}}