{"id":64710,"date":"2020-02-13T18:58:22","date_gmt":"2020-02-13T23:58:22","guid":{"rendered":"http:\/\/elinformanteperu.com\/?p=64710"},"modified":"2020-02-13T18:58:22","modified_gmt":"2020-02-13T23:58:22","slug":"sanz-sobre-seguidoras-peruanas-tengo-las-mejores-fans-del-mundo","status":"publish","type":"post","link":"https:\/\/elinformanteperu.com\/index.php\/2020\/02\/13\/sanz-sobre-seguidoras-peruanas-tengo-las-mejores-fans-del-mundo\/","title":{"rendered":"Sanz sobre seguidoras peruanas: \u00abTengo las mejores fans del mundo\u00bb"},"content":{"rendered":"<p><strong><span style=\"color: #000000;\">Una vez m\u00e1s Alejandro Sanz regres\u00f3 al Per\u00fa, una plaza musical que lo recibe con amor y con devoci\u00f3n y con localidades agotadas.<\/span><\/strong><\/p>\n<p><span style=\"color: #000000;\"><strong>Lima, 13 Febrero 2020, (ANDINA).-<\/strong> Una vez m\u00e1s Alejandro Sanz regres\u00f3 al Per\u00fa, una plaza musical que lo recibe con amor y con devoci\u00f3n. Con localidades agotadas, el int\u00e9rprete espa\u00f1ol cantar\u00e1 ma\u00f1ana y su concierto ser\u00e1 motivo para ayudar a quienes necesitan abrigo.<\/span><\/p>\n<p><span style=\"color: #000000;\">Y es que el astro acept\u00f3 ser parte de la campa\u00f1a Bonus Trash, que consiste en recolectar 7 contenedores de botellas de pl\u00e1stico durante el desarrollo de su concierto para lograr convertir este desecho en frazadas para los ni\u00f1os de la localidad de Vinchos en Ayacucho.<\/span><\/p>\n<p><span style=\"color: #000000;\">Alejandro acept\u00f3 el reto de buen grado y a cambio, si es que eso se logra ma\u00f1ana en el Jockey Club del Per\u00fa, les regalar\u00e1 a sus asistentes un tema m\u00e1s del set list previsto para la ocasi\u00f3n.<\/span><\/p>\n<p><span style=\"color: #000000;\">As\u00ed lo dio a conocer en su encuentro con la prensa especializada, en donde luciendo su gran sonrisa se mostr\u00f3 una vez m\u00e1s agradeci\u00f3 el cari\u00f1o de los fans peruanos.<\/span><\/p>\n<p><span style=\"color: #000000;\">Consultado sobre su m\u00fasica y el aprendizaje que le va dejando esta carrera, el artista se\u00f1al\u00f3 que es uno de los convencidos que en esta vid; principalmente si eres un m\u00fasico no se deja nunca de aprender, y quien as\u00ed lo cree est\u00e1 condenado al fracaso.<\/span><\/p>\n<p><span style=\"color: #000000;\">Tampoco escatim\u00f3 en elogios hacia la cantante Rosal\u00eda y admiti\u00f3 que le encantar\u00eda trabajar no solo con ella, sino con las diversas voces que hoy plantean su trabajo de cara al p\u00fablico.<\/span><\/p>\n<p><span style=\"color: #000000;\">Sanz recibi\u00f3 adem\u00e1s un Disco de Oro por parte de su disquera y un reconocimiento de su club de fans, uno de los m\u00e1s antiguos a nivel mundial. Visiblemente emocionado asegur\u00f3: \u201cTengo a las mejores fans del mundo\u201d.<\/span><\/p>\n<p><iframe title=\"Alejandro Sanz - Amiga M\u00eda (En Directo Vicente Calder\u00f3n)\" width=\"615\" height=\"461\" src=\"https:\/\/www.youtube.com\/embed\/eZvgzFluIUQ?feature=oembed\" frameborder=\"0\" allow=\"accelerometer; autoplay; clipboard-write; encrypted-media; gyroscope; picture-in-picture; web-share\" referrerpolicy=\"strict-origin-when-cross-origin\" allowfullscreen><\/iframe><\/p>\n","protected":false},"excerpt":{"rendered":"<p>Una vez m\u00e1s Alejandro Sanz regres\u00f3 al Per\u00fa, una plaza musical que lo recibe con amor y con devoci\u00f3n y con localidades agotadas. Lima, 13 Febrero 2020, (ANDINA).- Una vez m\u00e1s Alejandro Sanz regres\u00f3 al Per\u00fa, una plaza musical que lo recibe con amor y con devoci\u00f3n. Con localidades agotadas, el int\u00e9rprete espa\u00f1ol cantar\u00e1 ma\u00f1ana [&hellip;]<\/p>\n","protected":false},"author":1,"featured_media":64711,"comment_status":"open","ping_status":"open","sticky":false,"template":"","format":"standard","meta":{"rop_custom_images_group":[],"rop_custom_messages_group":[],"rop_publish_now":"initial","rop_publish_now_accounts":[],"rop_publish_now_history":[],"rop_publish_now_status":"pending","footnotes":""},"categories":[69],"tags":[3845],"class_list":["post-64710","post","type-post","status-publish","format-standard","has-post-thumbnail","hentry","category-musica","tag-alejandro-sanz"],"_links":{"self":[{"href":"https:\/\/elinformanteperu.com\/index.php\/wp-json\/wp\/v2\/posts\/64710","targetHints":{"allow":["GET"]}}],"collection":[{"href":"https:\/\/elinformanteperu.com\/index.php\/wp-json\/wp\/v2\/posts"}],"about":[{"href":"https:\/\/elinformanteperu.com\/index.php\/wp-json\/wp\/v2\/types\/post"}],"author":[{"embeddable":true,"href":"https:\/\/elinformanteperu.com\/index.php\/wp-json\/wp\/v2\/users\/1"}],"replies":[{"embeddable":true,"href":"https:\/\/elinformanteperu.com\/index.php\/wp-json\/wp\/v2\/comments?post=64710"}],"version-history":[{"count":1,"href":"https:\/\/elinformanteperu.com\/index.php\/wp-json\/wp\/v2\/posts\/64710\/revisions"}],"predecessor-version":[{"id":64712,"href":"https:\/\/elinformanteperu.com\/index.php\/wp-json\/wp\/v2\/posts\/64710\/revisions\/64712"}],"wp:featuredmedia":[{"embeddable":true,"href":"https:\/\/elinformanteperu.com\/index.php\/wp-json\/wp\/v2\/media\/64711"}],"wp:attachment":[{"href":"https:\/\/elinformanteperu.com\/index.php\/wp-json\/wp\/v2\/media?parent=64710"}],"wp:term":[{"taxonomy":"category","embeddable":true,"href":"https:\/\/elinformanteperu.com\/index.php\/wp-json\/wp\/v2\/categories?post=64710"},{"taxonomy":"post_tag","embeddable":true,"href":"https:\/\/elinformanteperu.com\/index.php\/wp-json\/wp\/v2\/tags?post=64710"}],"curies":[{"name":"wp","href":"https:\/\/api.w.org\/{rel}","templated":true}]}}