{"id":64477,"date":"2020-02-06T21:11:47","date_gmt":"2020-02-07T02:11:47","guid":{"rendered":"http:\/\/elinformanteperu.com\/?p=64477"},"modified":"2020-02-06T21:12:57","modified_gmt":"2020-02-07T02:12:57","slug":"vengo-con-un-objetivo-estar-en-catar-dice-nuevo-dt-de-venezuela","status":"publish","type":"post","link":"https:\/\/elinformanteperu.com\/index.php\/2020\/02\/06\/vengo-con-un-objetivo-estar-en-catar-dice-nuevo-dt-de-venezuela\/","title":{"rendered":"\u00abVengo con un objetivo: estar en Catar\u00bb, dice nuevo DT de Venezuela"},"content":{"rendered":"<p><strong><span style=\"color: #000000;\">El portugu\u00e9s Jos\u00e9 Peseiro asumi\u00f3 la conducci\u00f3n del seleccionado de Venezuela con la mira puesta en el Mundial de Catar 2022.<\/span><\/strong><\/p>\n<p><span style=\"color: #000000;\"><strong>Lima, 05 Febrero 2020, (ANDINA).-<\/strong> El portugu\u00e9s Jos\u00e9 Peseiro asumi\u00f3 la conducci\u00f3n del seleccionado de Venezuela con la mira puesta en el Mundial de Catar 2022, una meta que espera alcanzar con la que considera la mejor generaci\u00f3n vinotinto.<\/span><\/p>\n<p><span style=\"color: #000000;\">\u00abVengo con un objetivo principal: estar en Catar\u00bb, dijo Peseiro, de 59 a\u00f1os, al ser presentado formalmente como entrenador del equipo que nunca ha clasificado a una Copa del Mundo, en sustituci\u00f3n del dimitente Rafael Dudamel.<\/span><\/p>\n<p><span style=\"color: #000000;\">\u00abEs un honor, un desaf\u00edo, una ilusi\u00f3n porque tambi\u00e9n quiero estar en el Mundial\u00bb, a\u00f1adi\u00f3 el estratega, quien se qued\u00f3 cerca de clasificar a la selecci\u00f3n de Arabia Saudita a Sud\u00e1frica 2010.<\/span><\/p>\n<p><span style=\"color: #000000;\">Para hacer realidad su sue\u00f1o y el de los venezolanos, el portugu\u00e9s dice tener a su disposici\u00f3n el talento de una generaci\u00f3n con logros como el subcampeonato del Mundial Sub-20 en 2017.<\/span><\/p>\n<p><span style=\"color: #000000;\">\u00abEl f\u00fatbol de Venezuela vive su mejor momento. Nunca hab\u00eda tenido tantos jugadores en Europa\u00bb, destac\u00f3 el europeo antes de enfundarse la camisa vinotino junto al presidente de la Federaci\u00f3n Venezolana de F\u00fatbol (FVF), Laureano Gonz\u00e1lez, en un hotel de Caracas.<\/span><\/p>\n<p><span style=\"color: #000000;\">Venezuela es el \u00fanico pa\u00eds sudamericano que nunca ha jugado un Mundial.<\/span><\/p>\n<p><strong><span style=\"color: #000000;\">Lo que dio la cobija\u00a0<\/span><\/strong><\/p>\n<p><span style=\"color: #000000;\">Peseiro fue anunciado sorpresivamente el martes, tras ser elegido de una baraja de 15 aspirantes, seg\u00fan revel\u00f3 Gonz\u00e1lez este mi\u00e9rcoles, lo que puso fin a dos d\u00e9cadas de adiestradores criollos.<\/span><\/p>\n<p><span style=\"color: #000000;\">El directivo neg\u00f3 tajantemente que se hubiera considerado al exastro argentino Diego Maradona, como especul\u00f3 la prensa.<\/span><\/p>\n<p><span style=\"color: #000000;\">\u00abEs el t\u00e9cnico con el mejor curr\u00edculum que hemos tenido, adem\u00e1s de que la escuela portuguesa (de t\u00e9cnicos) est\u00e1 en el top de Europa\u00bb, resalt\u00f3 Gonz\u00e1lez, admitiendo que el factor econ\u00f3mico tambi\u00e9n fue determinante.<\/span><\/p>\n<p><span style=\"color: #000000;\">No es para menos en un pa\u00eds sumido en la peor crisis de su historia moderna, con seis a\u00f1os de recesi\u00f3n y donde los principales patrocinadores de la selecci\u00f3n son empresas del Estado.<\/span><\/p>\n<p><span style=\"color: #000000;\">\u00abLa situaci\u00f3n pa\u00eds y nuestros presupuestos ponen un grado de dificultad. Uno se arropa hasta donde la cobija le alcanza. Tenemos c\u00f3mo cumplir con lo que acordamos\u00bb, asegur\u00f3 el presidente de la FVF.<\/span><\/p>\n<p><span style=\"color: #000000;\">Sin detallar cifras, a\u00f1adi\u00f3 que ser\u00e1 el timonel mejor pagado que haya tenido la Vinotinto, con m\u00e1rgenes cercamos a los de Dudamel y con un contrato que abarcar\u00e1 el clasificatorio sudamericano y, eventualmente, la Copa del Mundo.<\/span><\/p>\n<p><strong><span style=\"color: #000000;\">Contacto con jugadores<\/span><\/strong><\/p>\n<p><span style=\"color: #000000;\">El premundial arrancar\u00e1 en marzo con una doble fecha para Venezuela ante Colombia y Paraguay, luego de lo cual Peseiro tendr\u00e1 otro desaf\u00edo en junio: la Copa Am\u00e9rica Argentina\/Colombia 2020.<\/span><\/p>\n<p><span style=\"color: #000000;\">En las eliminatorias se estrenar\u00e1 frente a su compatriota Carlos Queiroz, de quien fue asistente t\u00e9cnico en el Real Madrid de &#8216;Los Gal\u00e1cticos&#8217; Ra\u00fal, Zinedine Zidane, Luis Figo, Ronaldo y David Beckham (2003-2004).<\/span><\/p>\n<p><span style=\"color: #000000;\">Peseiro dio a entender que mantendr\u00e1 la base y el estilo de juego de Dudamel de quien, dijo, ven\u00eda haciendo un \u00abbuen trabajo&#8217;, y paulatinamente imprimir\u00e1 su sello.<\/span><\/p>\n<p><span style=\"color: #000000;\">\u00abMe gusta un equipo ofensivo, que maneje el bal\u00f3n\u00bb, adelant\u00f3 el timonel, advirtiendo que \u00abser\u00eda una locura\u00bb pretender jugar de un d\u00eda para otro como el Sporting de Lisboa que alcanz\u00f3 el subt\u00edtulo de la Copa UEFA 2004-2005, con \u00e9l al mando.<\/span><\/p>\n<p><span style=\"color: #000000;\">Por lo pronto visitar\u00e1 a los habituales titulares del seleccionado que act\u00faan en Europa, as\u00ed como en la MLS de Estados Unidos y ligas sudamericanas.<\/span><\/p>\n<p><span style=\"color: #000000;\">\u00abLas puertas de la Vinotinto est\u00e1n abiertas para todos\u00bb, afirm\u00f3 Peseiro ante un posible regreso del goleador Joseph Mart\u00ednez (Atlanta United, de la MLS), quien renunci\u00f3 en septiembre pasado en rechazo a la presencia de Dudamel.<\/span><\/p>\n<p><img fetchpriority=\"high\" decoding=\"async\" class=\"aligncenter size-full wp-image-60541\" src=\"http:\/\/elinformanteperu.com\/wp-content\/uploads\/2019\/11\/venezuela-japon.jpg\" alt=\"\" width=\"1800\" height=\"1417\" srcset=\"https:\/\/elinformanteperu.com\/wp-content\/uploads\/2019\/11\/venezuela-japon.jpg 1800w, https:\/\/elinformanteperu.com\/wp-content\/uploads\/2019\/11\/venezuela-japon-300x236.jpg 300w, https:\/\/elinformanteperu.com\/wp-content\/uploads\/2019\/11\/venezuela-japon-1024x806.jpg 1024w, https:\/\/elinformanteperu.com\/wp-content\/uploads\/2019\/11\/venezuela-japon-768x605.jpg 768w, https:\/\/elinformanteperu.com\/wp-content\/uploads\/2019\/11\/venezuela-japon-1536x1209.jpg 1536w, https:\/\/elinformanteperu.com\/wp-content\/uploads\/2019\/11\/venezuela-japon-128x101.jpg 128w, https:\/\/elinformanteperu.com\/wp-content\/uploads\/2019\/11\/venezuela-japon-32x25.jpg 32w\" sizes=\"(max-width: 1800px) 100vw, 1800px\" \/><\/p>\n","protected":false},"excerpt":{"rendered":"<p>El portugu\u00e9s Jos\u00e9 Peseiro asumi\u00f3 la conducci\u00f3n del seleccionado de Venezuela con la mira puesta en el Mundial de Catar 2022. Lima, 05 Febrero 2020, (ANDINA).- El portugu\u00e9s Jos\u00e9 Peseiro asumi\u00f3 la conducci\u00f3n del seleccionado de Venezuela con la mira puesta en el Mundial de Catar 2022, una meta que espera alcanzar con la que [&hellip;]<\/p>\n","protected":false},"author":1,"featured_media":64478,"comment_status":"open","ping_status":"open","sticky":false,"template":"","format":"standard","meta":{"rop_custom_images_group":[],"rop_custom_messages_group":[],"rop_publish_now":"initial","rop_publish_now_accounts":[],"rop_publish_now_history":[],"rop_publish_now_status":"pending","footnotes":""},"categories":[8],"tags":[4431,5276,171],"class_list":["post-64477","post","type-post","status-publish","format-standard","has-post-thumbnail","hentry","category-disciplinas-deportivas","tag-eliminatorias-qatar-2022","tag-jose-peseiro","tag-venezuela"],"_links":{"self":[{"href":"https:\/\/elinformanteperu.com\/index.php\/wp-json\/wp\/v2\/posts\/64477","targetHints":{"allow":["GET"]}}],"collection":[{"href":"https:\/\/elinformanteperu.com\/index.php\/wp-json\/wp\/v2\/posts"}],"about":[{"href":"https:\/\/elinformanteperu.com\/index.php\/wp-json\/wp\/v2\/types\/post"}],"author":[{"embeddable":true,"href":"https:\/\/elinformanteperu.com\/index.php\/wp-json\/wp\/v2\/users\/1"}],"replies":[{"embeddable":true,"href":"https:\/\/elinformanteperu.com\/index.php\/wp-json\/wp\/v2\/comments?post=64477"}],"version-history":[{"count":1,"href":"https:\/\/elinformanteperu.com\/index.php\/wp-json\/wp\/v2\/posts\/64477\/revisions"}],"predecessor-version":[{"id":64479,"href":"https:\/\/elinformanteperu.com\/index.php\/wp-json\/wp\/v2\/posts\/64477\/revisions\/64479"}],"wp:featuredmedia":[{"embeddable":true,"href":"https:\/\/elinformanteperu.com\/index.php\/wp-json\/wp\/v2\/media\/64478"}],"wp:attachment":[{"href":"https:\/\/elinformanteperu.com\/index.php\/wp-json\/wp\/v2\/media?parent=64477"}],"wp:term":[{"taxonomy":"category","embeddable":true,"href":"https:\/\/elinformanteperu.com\/index.php\/wp-json\/wp\/v2\/categories?post=64477"},{"taxonomy":"post_tag","embeddable":true,"href":"https:\/\/elinformanteperu.com\/index.php\/wp-json\/wp\/v2\/tags?post=64477"}],"curies":[{"name":"wp","href":"https:\/\/api.w.org\/{rel}","templated":true}]}}